{"id":138641,"date":"2024-08-20T09:44:48","date_gmt":"2024-08-20T12:44:48","guid":{"rendered":"https:\/\/vinasfm.com\/noticias\/?p=138641"},"modified":"2024-08-20T09:44:48","modified_gmt":"2024-08-20T12:44:48","slug":"lleva-la-tecnologia-a-tu-campo-con-el-rodeo","status":"publish","type":"post","link":"https:\/\/vinasfm.com\/noticias\/lleva-la-tecnologia-a-tu-campo-con-el-rodeo\/","title":{"rendered":"LLEVA LA TECNOLOG\u00cdA A TU CAMPO CON \u201cEL RODEO\u201d"},"content":{"rendered":"<h4><span style=\"color: #000000;\">Con el objetivo de tecnificar los campos de la regi\u00f3n, \u2018El Rodeo\u2019 tienen nuevos proyectos desde energ\u00eda solar hasta internet satelital.<\/span><\/h4>\n<p><span style=\"color: #000000;\">En conversaci\u00f3n con FM VI\u00d1AS, <strong><span style=\"color: #003366;\">Facundo Corvalan<\/span><\/strong> de <span style=\"color: #800000;\"><strong>\u2018El Rodeo\u2019<\/strong><\/span>, se\u00f1al\u00f3 que<em><strong> \u201cafortunadamente tenemos la facultad de abastecer de energ\u00eda el\u00e9ctrica a los campos, a trav\u00e9s de paneles solares\u201d<\/strong><\/em>, un recurso esencial para los productores. <em><strong>\u201cUno de los atractivos m\u00e1s recientes es el Internet Satelital que funciona muy bien\u201d<\/strong><\/em>, destac\u00f3 el empresario y se\u00f1al\u00f3 que <em><strong>\u201ctodo aquello que ofrecemos a los clientes, primero lo probamos en nuestro campo para conocer qu\u00e9 calidad estamos ofreciendo\u201d.<\/strong><\/em><\/span><\/p>\n<p><span style=\"color: #000000;\">El servicio de Internet no se ha limitado solo a los campos puesto que en el mes de abril se logr\u00f3 un acuerdo con la Direcci\u00f3n de Ganader\u00eda con la que se logr\u00f3 instalar el internet en una escuela de Punta del Agua. <strong><em>\u201cEs una gran ayuda para gestiones de Ganader\u00eda, pero sobre todo es una herramienta de educaci\u00f3n para los alumnos y facilitar la comunicaci\u00f3n desde lugares remotos\u201d.<\/em><\/strong><\/span><\/p>\n<p><img loading=\"lazy\" decoding=\"async\" class=\"\" src=\"https:\/\/scontent.fmdz5-1.fna.fbcdn.net\/v\/t39.30808-6\/451677075_1039775901173955_7161837890648551538_n.jpg?stp=dst-jpg_s600x600&amp;_nc_cat=110&amp;ccb=1-7&amp;_nc_sid=833d8c&amp;_nc_eui2=AeEv6zxRfEBql5axgej_d6dKvm9o7L_fDsK-b2jsv98OwjJsOPsjrkuV5m3UCrA66VDsNLUx-nXv1VD9inBHkBkf&amp;_nc_ohc=95BsbYJD_18Q7kNvgGZkaph&amp;_nc_ht=scontent.fmdz5-1.fna&amp;cb_e2o_trans=t&amp;oh=00_AYDTGxqVFx16BUJeTHRaCHZ5Hptdch3GXWlXcoekJ1yWrQ&amp;oe=66CA6D25\" width=\"218\" height=\"389\" \/> <img loading=\"lazy\" decoding=\"async\" class=\"\" src=\"https:\/\/scontent.fmdz5-1.fna.fbcdn.net\/v\/t39.30808-6\/452589365_1039775904507288_4436089698141694187_n.jpg?_nc_cat=104&amp;ccb=1-7&amp;_nc_sid=833d8c&amp;_nc_eui2=AeGa0vWo2J9a0uvX84w2kdHoEbQZU6xWM5URtBlTrFYzlV6rnLqkfTUoMuzOHgu4LJcVIpLKN332-AWWJMCuC23U&amp;_nc_ohc=2m0FwzGOJNgQ7kNvgEkZMrA&amp;_nc_ht=scontent.fmdz5-1.fna&amp;cb_e2o_trans=t&amp;oh=00_AYDV9r07yCz0hVOLVivdzTxkVmyX9EvcpXYtfL5JKTs06A&amp;oe=66CA5FB9\" alt=\"Puede ser una imagen de termotanque y texto\" width=\"389\" height=\"389\" \/><img loading=\"lazy\" decoding=\"async\" class=\"\" src=\"https:\/\/scontent.fmdz5-1.fna.fbcdn.net\/v\/t39.30808-6\/452199746_1039775931173952_913269760595582356_n.jpg?_nc_cat=103&amp;ccb=1-7&amp;_nc_sid=833d8c&amp;_nc_eui2=AeFyBJudrxyr6Ys_3OGsK2ksQqBxBoVahNNCoHEGhVqE05s-qXW0KbjEm-rQjogR1iIgef5-QyjFhr0Bi0W8XFlX&amp;_nc_ohc=okM6RYK8UtUQ7kNvgEtUwtr&amp;_nc_ht=scontent.fmdz5-1.fna&amp;cb_e2o_trans=t&amp;oh=00_AYDOASCI1lbKc8SehZuiByH3N7hOqZQGOOMKNv-yPO5T1A&amp;oe=66CA5FA5\" alt=\"Puede ser una imagen de termotanque y texto\" width=\"389\" height=\"389\" \/><\/p>\n<p><span style=\"color: #000000;\">En su local comercial tambi\u00e9n se pueden adquirir electrom\u00e9tricos con conectores de 220v o 12v, lo que permite ampliar el uso de energ\u00eda el\u00e9ctrica y energ\u00eda solar. <em><strong>\u201cTeniendo en cuenta el intenso verano que se viene, resulta esencial contar con aparatos de refrigeraci\u00f3n y conservaci\u00f3n, y contar con la posibilidad de utilizar energ\u00eda solar\u201d<\/strong><\/em>, explic\u00f3 Facundo Corvalan.<\/span><\/p>\n<p><span style=\"color: #000000;\">\u00abEl Rodeo\u00bb cuenta con sucursal en San Rafael (Alberdi 130) aque abastece tambi\u00e9n a Malarg\u00fce y el centro de Mendoza, General Alvear (Av. Libertador Norte 885) y en el Este de La Pampa.<\/span><\/p>\n","protected":false},"excerpt":{"rendered":"<p>Con el objetivo de tecnificar los campos de la regi\u00f3n, \u2018El Rodeo\u2019 tienen nuevos proyectos desde energ\u00eda solar hasta internet satelital. &#8230;<\/p>\n","protected":false},"author":7,"featured_media":138645,"comment_status":"open","ping_status":"open","sticky":false,"template":"","format":"standard","meta":{"footnotes":""},"categories":[1],"tags":[],"class_list":["post-138641","post","type-post","status-publish","format-standard","has-post-thumbnail","hentry","category-fmvinas"],"_links":{"self":[{"href":"https:\/\/vinasfm.com\/noticias\/wp-json\/wp\/v2\/posts\/138641","targetHints":{"allow":["GET"]}}],"collection":[{"href":"https:\/\/vinasfm.com\/noticias\/wp-json\/wp\/v2\/posts"}],"about":[{"href":"https:\/\/vinasfm.com\/noticias\/wp-json\/wp\/v2\/types\/post"}],"author":[{"embeddable":true,"href":"https:\/\/vinasfm.com\/noticias\/wp-json\/wp\/v2\/users\/7"}],"replies":[{"embeddable":true,"href":"https:\/\/vinasfm.com\/noticias\/wp-json\/wp\/v2\/comments?post=138641"}],"version-history":[{"count":1,"href":"https:\/\/vinasfm.com\/noticias\/wp-json\/wp\/v2\/posts\/138641\/revisions"}],"predecessor-version":[{"id":138646,"href":"https:\/\/vinasfm.com\/noticias\/wp-json\/wp\/v2\/posts\/138641\/revisions\/138646"}],"wp:featuredmedia":[{"embeddable":true,"href":"https:\/\/vinasfm.com\/noticias\/wp-json\/wp\/v2\/media\/138645"}],"wp:attachment":[{"href":"https:\/\/vinasfm.com\/noticias\/wp-json\/wp\/v2\/media?parent=138641"}],"wp:term":[{"taxonomy":"category","embeddable":true,"href":"https:\/\/vinasfm.com\/noticias\/wp-json\/wp\/v2\/categories?post=138641"},{"taxonomy":"post_tag","embeddable":true,"href":"https:\/\/vinasfm.com\/noticias\/wp-json\/wp\/v2\/tags?post=138641"}],"curies":[{"name":"wp","href":"https:\/\/api.w.org\/{rel}","templated":true}]}}