{"id":138623,"date":"2024-08-19T22:06:53","date_gmt":"2024-08-20T01:06:53","guid":{"rendered":"https:\/\/vinasfm.com\/noticias\/?p=138623"},"modified":"2024-08-19T22:06:53","modified_gmt":"2024-08-20T01:06:53","slug":"comenzo-la-segunda-medicion-del-operativo-provincial-de-fluidez-y-comprension-lectora-2024","status":"publish","type":"post","link":"https:\/\/vinasfm.com\/noticias\/comenzo-la-segunda-medicion-del-operativo-provincial-de-fluidez-y-comprension-lectora-2024\/","title":{"rendered":"COMENZ\u00d3 LA SEGUNDA MEDICI\u00d3N DEL OPERATIVO PROVINCIAL DE FLUIDEZ Y COMPRENSI\u00d3N LECTORA 2024"},"content":{"rendered":"<h4>Se desarrollar\u00e1 del 19 al 28 de agosto en 75 escuelas primarias y secundarias y afectar\u00e1 a 8.600 estudiantes de tercer y sexto grado de nivel primario y primer a\u00f1o de nivel secundario. Los estudiantes ser\u00e1n evaluados tanto en fluidez como en comprensi\u00f3n lectora.<\/h4>\n<p>La Direcci\u00f3n General de Escuelas (DGE) brind\u00f3 este lunes detalles sobre el segundo Operativo Provincial de Fluidez y Comprensi\u00f3n Lectora 2024, que se comienza a aplicar desde el 19 al 28 de agosto en las escuelas seleccionadas y destinado a estudiantes de tercero y sexto grado de nivel primario y en primer a\u00f1o de nivel secundario.<\/p>\n<p>Esta medici\u00f3n es muestral y participan 75 escuelas, donde ser\u00e1n evaluados 8.600 alumnos y alumnas, los mismos que participaron en la primera medici\u00f3n desarrollada en abril. Los estudiantes ser\u00e1n evaluados espec\u00edficamente en fluidez lectora y tambi\u00e9n con aspectos relacionados con la comprensi\u00f3n lectora.<\/p>\n<p>La directora de Evaluaci\u00f3n de la Calidad Educativa, Romina Dur\u00e1n, visit\u00f3 la Escuela 4-036 Ra\u00fal Scalabrini Ortiz, de Godoy Cruz, y expres\u00f3 que ya est\u00e1 organizando la instancia censal donde se evaluar\u00e1n a todos los estudiantes de la provincia, desde segundo grado de nivel primario hasta el \u00faltimo a\u00f1o de nivel secundario, en los aspectos relacionados con fluidez lectora. <em><strong>\u201cEste a\u00f1o tambi\u00e9n estamos agregando preguntas relacionadas sobre comprensi\u00f3n lectora, para verificar si los estudiantes tienen incorporados los procesos de obtenci\u00f3n de informaci\u00f3n e interpretaci\u00f3n, as\u00ed como los procesos de reflexi\u00f3n y evaluaci\u00f3n\u201d<\/strong><\/em>.<\/p>\n<p><em><strong>\u201cEn la primera instancia nos encontramos con resultados muy positivos muy diferentes al a\u00f1o pasado, fueron avanzando desde el a\u00f1o pasado. En esta segunda medici\u00f3n vamos a poder ver si realmente las pr\u00e1cticas que se est\u00e1n llevando en las escuelas est\u00e1n contribuyendo a que los estudiantes est\u00e9n avanzando en sus aprendizajes\u201d<\/strong><\/em>, dijo Romina Dur\u00e1n.<\/p>\n<p>La DGE trabaja junto a las instituciones junto a materiales y dentro de las jornadas de formaci\u00f3n remuneradas. Desde el gobierno escolar se establecen estrategias y se incentiva cada vez m\u00e1s la lectura dentro de las aulas y llevarla a las familias contribuye a mejorar.<\/p>\n<p><em><strong>\u201cPeque\u00f1os espacios y momentos de lectura ayudan a los estudiantes a que se vinculen en esta pr\u00e1ctica y mejoren sus procesos. Debemos lograr la comprensi\u00f3n completa y tambi\u00e9n la producci\u00f3n oral como escrita\u201d<\/strong><\/em>, agreg\u00f3 Dur\u00e1n.<\/p>\n<p>La directora de la Escuela 4-036, Ester Quinteros, dijo que la escuela fue muy favorecida con esta acci\u00f3n educativa, ya que la formaci\u00f3n y la modalidad que brindan necesita la lectura reflexiva. <em><strong>\u201cNuestros estudiantes mejoran junto a las estrategias que presentan los docentes\u201d<\/strong><\/em>, cont\u00f3.<\/p>\n<p>La supervisora Mar\u00eda del Carmen \u00c1lvarez, de la secci\u00f3n 1 de educaci\u00f3n t\u00e9cnica, dijo que articular entre los diferentes niveles es muy importante para trabajar sobre fluidez lectora. <em><strong>\u201cCrecimos y mejoramos en este tema, vemos que en la secundaria los estudiantes llegan con mejor fluidez y comprensi\u00f3n de textos\u201d.<\/strong><\/em><\/p>\n","protected":false},"excerpt":{"rendered":"<p>Se desarrollar\u00e1 del 19 al 28 de agosto en 75 escuelas primarias y secundarias y afectar\u00e1 a 8.600 estudiantes de tercer &#8230;<\/p>\n","protected":false},"author":7,"featured_media":138624,"comment_status":"open","ping_status":"open","sticky":false,"template":"","format":"standard","meta":{"footnotes":""},"categories":[1],"tags":[],"class_list":["post-138623","post","type-post","status-publish","format-standard","has-post-thumbnail","hentry","category-fmvinas"],"_links":{"self":[{"href":"https:\/\/vinasfm.com\/noticias\/wp-json\/wp\/v2\/posts\/138623","targetHints":{"allow":["GET"]}}],"collection":[{"href":"https:\/\/vinasfm.com\/noticias\/wp-json\/wp\/v2\/posts"}],"about":[{"href":"https:\/\/vinasfm.com\/noticias\/wp-json\/wp\/v2\/types\/post"}],"author":[{"embeddable":true,"href":"https:\/\/vinasfm.com\/noticias\/wp-json\/wp\/v2\/users\/7"}],"replies":[{"embeddable":true,"href":"https:\/\/vinasfm.com\/noticias\/wp-json\/wp\/v2\/comments?post=138623"}],"version-history":[{"count":1,"href":"https:\/\/vinasfm.com\/noticias\/wp-json\/wp\/v2\/posts\/138623\/revisions"}],"predecessor-version":[{"id":138625,"href":"https:\/\/vinasfm.com\/noticias\/wp-json\/wp\/v2\/posts\/138623\/revisions\/138625"}],"wp:featuredmedia":[{"embeddable":true,"href":"https:\/\/vinasfm.com\/noticias\/wp-json\/wp\/v2\/media\/138624"}],"wp:attachment":[{"href":"https:\/\/vinasfm.com\/noticias\/wp-json\/wp\/v2\/media?parent=138623"}],"wp:term":[{"taxonomy":"category","embeddable":true,"href":"https:\/\/vinasfm.com\/noticias\/wp-json\/wp\/v2\/categories?post=138623"},{"taxonomy":"post_tag","embeddable":true,"href":"https:\/\/vinasfm.com\/noticias\/wp-json\/wp\/v2\/tags?post=138623"}],"curies":[{"name":"wp","href":"https:\/\/api.w.org\/{rel}","templated":true}]}}