{"id":138618,"date":"2024-08-19T20:16:51","date_gmt":"2024-08-19T23:16:51","guid":{"rendered":"https:\/\/vinasfm.com\/noticias\/?p=138618"},"modified":"2024-08-20T10:19:21","modified_gmt":"2024-08-20T13:19:21","slug":"corredores-de-toda-la-provincia-formaron-parte-de-la-segunda-fecha-del-campeonato-alvearense-de-atletismo","status":"publish","type":"post","link":"https:\/\/vinasfm.com\/noticias\/corredores-de-toda-la-provincia-formaron-parte-de-la-segunda-fecha-del-campeonato-alvearense-de-atletismo\/","title":{"rendered":"CORREDORES DE TODA LA PROVINCIA FORMARON PARTE DE LA SEGUNDA FECHA DEL CAMPEONATO ALVEARENSE DE ATLETISMO"},"content":{"rendered":"<hr \/>\n<h4>El pasado fin de semana, el centro de la ciudad de General Alvear se llen\u00f3 de energ\u00eda y entusiasmo con la celebraci\u00f3n de la segunda fecha del campeonato alvearense de atletismo. Con una destacada participaci\u00f3n y una organizaci\u00f3n correcta, el evento atrajo a cerca de 220 atletas provenientes de distintos puntos de la provincia, quienes se unieron para competir en las distancias de 5 y 10 kil\u00f3metros.<\/h4>\n<p>Desde las primeras horas de la ma\u00f1ana, el ambiente estaba cargado de emoci\u00f3n. Los corredores, que abarcaban todas las edades, se prepararon para dar lo mejor de s\u00ed en esta jornada que resalta la importancia del deporte como un pilar fundamental en todas las etapas de la vida. La diversidad de participantes no solo enriqueci\u00f3 el evento, sino que tambi\u00e9n evidenci\u00f3 el creciente inter\u00e9s por el atletismo en la regi\u00f3n.<\/p>\n<p>La organizaci\u00f3n del campeonato fue destacada por todos los asistentes, quienes valoraron el esfuerzo realizado para garantizar que cada detalle estuviera en su lugar. Desde los puntos de hidrataci\u00f3n hasta la se\u00f1alizaci\u00f3n del recorrido, todo contribuy\u00f3 a que los atletas pudieran enfocarse en lo m\u00e1s importante: disfrutar y rendir al m\u00e1ximo en sus respectivas carreras.<\/p>\n<p><a href=\"https:\/\/vinasfm.com\/noticias\/wp-content\/uploads\/2024\/08\/FB_IMG_1724109357195.jpg\"><img loading=\"lazy\" decoding=\"async\" class=\"alignnone size-medium wp-image-138620\" src=\"https:\/\/vinasfm.com\/noticias\/wp-content\/uploads\/2024\/08\/FB_IMG_1724109357195-300x300.jpg\" alt=\"\" width=\"300\" height=\"300\" srcset=\"https:\/\/vinasfm.com\/noticias\/wp-content\/uploads\/2024\/08\/FB_IMG_1724109357195-300x300.jpg 300w, https:\/\/vinasfm.com\/noticias\/wp-content\/uploads\/2024\/08\/FB_IMG_1724109357195-150x150.jpg 150w, https:\/\/vinasfm.com\/noticias\/wp-content\/uploads\/2024\/08\/FB_IMG_1724109357195-360x360.jpg 360w, https:\/\/vinasfm.com\/noticias\/wp-content\/uploads\/2024\/08\/FB_IMG_1724109357195.jpg 720w\" sizes=\"auto, (max-width: 300px) 100vw, 300px\" \/><\/a><\/p>\n<p><em><strong>\u201cLa verdad que contentos, conformes, los deportistas tambi\u00e9n muy a gusto con el tema de la alargada, la organizaci\u00f3n y dem\u00e1s. Llegaron deportistas de distintos puntos de la provincia como de San Carlos, de Tunuy\u00e1n, de Capital, San Rafael y Malargue. Muy buena convocatoria y muy buen nivel deportivo\u201d,<\/strong><\/em> dijo el <strong><span style=\"color: #003366;\">Director de Deportes Alberto G\u00f3mez.<\/span><\/strong><\/p>\n<p>La competencia se desarroll\u00f3 en un ambiente festivo, donde amigos y familiares animaron a los corredores a lo largo del trayecto. La camarader\u00eda y el esp\u00edritu deportivo fueron palpables, creando una atm\u00f3sfera que celebr\u00f3 no solo los logros individuales, sino tambi\u00e9n el trabajo en equipo y el apoyo mutuo entre los atletas. Adem\u00e1s, pudieron competir ni\u00f1os en un circuito que se cre\u00f3 en la plaza Carlos Mar\u00eda de Alvear.<\/p>\n<p><span style=\"color: #003366;\"><strong>Ignacio S\u00e1nchez,<\/strong> <\/span>quien gan\u00f3 la competencia, se mostr\u00f3 muy agradecido por la carrera y por su desempe\u00f1o personal, <em><strong>\u201cmejor\u00e9 el tiempo en los 10 kil\u00f3metros, fue muy re\u00f1ida la competencia, pero logr\u00e9 sacar ventaja al final\u201d<\/strong><\/em>. Destac\u00f3 la organizaci\u00f3n y los puestos de hidrataci\u00f3n.<\/p>\n<p>Los organizadores ya est\u00e1n preparando todo para la \u00faltima fecha del campeonato, que se llevar\u00e1 a cabo el 27 de octubre en el distrito de Bowen. Se espera que este cierre sea igualmente exitoso, con una participaci\u00f3n a\u00fan mayor y m\u00e1s sorpresas para los competidores<\/p>\n","protected":false},"excerpt":{"rendered":"<p>El pasado fin de semana, el centro de la ciudad de General Alvear se llen\u00f3 de energ\u00eda y entusiasmo con la &#8230;<\/p>\n","protected":false},"author":7,"featured_media":138621,"comment_status":"open","ping_status":"open","sticky":false,"template":"","format":"standard","meta":{"footnotes":""},"categories":[3,11],"tags":[],"class_list":["post-138618","post","type-post","status-publish","format-standard","has-post-thumbnail","hentry","category-deportes","category-sociales"],"_links":{"self":[{"href":"https:\/\/vinasfm.com\/noticias\/wp-json\/wp\/v2\/posts\/138618","targetHints":{"allow":["GET"]}}],"collection":[{"href":"https:\/\/vinasfm.com\/noticias\/wp-json\/wp\/v2\/posts"}],"about":[{"href":"https:\/\/vinasfm.com\/noticias\/wp-json\/wp\/v2\/types\/post"}],"author":[{"embeddable":true,"href":"https:\/\/vinasfm.com\/noticias\/wp-json\/wp\/v2\/users\/7"}],"replies":[{"embeddable":true,"href":"https:\/\/vinasfm.com\/noticias\/wp-json\/wp\/v2\/comments?post=138618"}],"version-history":[{"count":2,"href":"https:\/\/vinasfm.com\/noticias\/wp-json\/wp\/v2\/posts\/138618\/revisions"}],"predecessor-version":[{"id":138622,"href":"https:\/\/vinasfm.com\/noticias\/wp-json\/wp\/v2\/posts\/138618\/revisions\/138622"}],"wp:featuredmedia":[{"embeddable":true,"href":"https:\/\/vinasfm.com\/noticias\/wp-json\/wp\/v2\/media\/138621"}],"wp:attachment":[{"href":"https:\/\/vinasfm.com\/noticias\/wp-json\/wp\/v2\/media?parent=138618"}],"wp:term":[{"taxonomy":"category","embeddable":true,"href":"https:\/\/vinasfm.com\/noticias\/wp-json\/wp\/v2\/categories?post=138618"},{"taxonomy":"post_tag","embeddable":true,"href":"https:\/\/vinasfm.com\/noticias\/wp-json\/wp\/v2\/tags?post=138618"}],"curies":[{"name":"wp","href":"https:\/\/api.w.org\/{rel}","templated":true}]}}