{"id":138612,"date":"2024-08-19T11:17:31","date_gmt":"2024-08-19T14:17:31","guid":{"rendered":"https:\/\/vinasfm.com\/noticias\/?p=138612"},"modified":"2024-08-20T09:23:55","modified_gmt":"2024-08-20T12:23:55","slug":"alerta-maxima-en-mendoza-por-5-asesinatos-en-tan-solo-35-horas","status":"publish","type":"post","link":"https:\/\/vinasfm.com\/noticias\/alerta-maxima-en-mendoza-por-5-asesinatos-en-tan-solo-35-horas\/","title":{"rendered":"ALERTA M\u00c1XIMA EN MENDOZA POR 5 ASESINATOS EN TAN SOLO 35 HORAS"},"content":{"rendered":"<div class=\"intro-noticia\">\n<p>Desde la madrugada del s\u00e1bado a la ma\u00f1ana del domingo, hubo cinco asesinatos en Mendoza: dos en Las Heras, dos en Godoy Cruz y uno en Ciudad. Detalles y las hip\u00f3tesis de cada hecho.<\/p>\n<\/div>\n<div class=\"\">\n<div class=\"centrado bnn\">\n<div id=\"div-gpt-ad-anchocompleto(1)\" data-google-query-id=\"CLbh4pOdgYgDFZFU3QIdMX4yiA\">\n<div id=\"google_ads_iframe_\/22046766299\/anchocompleto(1)_0__container__\">Cuesta encontrar\u00a0registros en el \u00faltimo tiempo de horas tan sangrientas\u00a0en\u00a0<strong>Mendoza\u00a0<\/strong>como las que se transitaron este\u00a0fin de semana. En menos de dos d\u00edas, cinco\u00a0<a href=\"https:\/\/www.mdzol.com\/temas\/asesinato-901.html\" target=\"_blank\" rel=\"noopener\"><strong>asesinatos<\/strong><\/a>\u00a0mantuvieron en alerta extrema a la Polic\u00eda y a la\u00a0<a href=\"https:\/\/mpfmza.jus.mendoza.gov.ar\/guia-mpf\/unidad-fiscal-homicidios\/\" target=\"_blank\" rel=\"noopener\"><strong>Fiscal\u00eda de Homicidios,<\/strong><\/a>\u00a0que trabajan intensamente para avanzar sobre cada uno de estos casos.<\/div>\n<\/div>\n<\/div>\n<\/div>\n<div><\/div>\n<div>Broncas de vieja data, algunas incluso familiares, temas de drogas y hasta un posible hecho de inseguridad, son las primeras hip\u00f3tesis que rondan por la cabeza del fiscal Gustavo Pirrello, a cargo de todas estas investigaciones iniciadas en apenas 35 horas.<\/div>\n<div>\n<h2>Balacera y una mujer muerta<\/h2>\n<p>En forma cronol\u00f3gica, la primera v\u00edctima de esta\u00a0violenta seguidilla\u00a0fue Luisa Jacinta Coria (66), baleada en su casa del barrio Independencia de Las Heras. Ocurri\u00f3 pasada\u00a0la\u00a01 del s\u00e1bado sobre calle Aguado al 2700, cuando desde afuera de la vivienda dispararon y la hirieron.<\/p>\n<p>La se\u00f1ora estaba sola, sentada, y el proyectil atraves\u00f3 una ventana y le impact\u00f3 en el pecho. Minutos despu\u00e9s una sobrina la encontr\u00f3 herida y llam\u00f3 al 911. Con el crimen consumado y la declaraci\u00f3n del hijo de la fallecida, los pesquisas pusieron la mira en familiares con los que hab\u00eda conflictos. Surgieron como pistas denuncias cruzadas, balaceras anteriores en el domicilio y un pariente que est\u00e1 preso y podr\u00eda haber organizado el ataque.<\/p>\n<p>Est\u00e1 probado que a la propiedad\u00a0nadie entr\u00f3 y que los tiros se efectuaron desde la v\u00eda p\u00fablica, ya que en el asfalto se levantaron\u00a0vainas servidas de un calibre 22 mil\u00edmetros.<\/p>\n<aside class=\"htmlinline\">\n<div id=\"div-gpt-ad-entreparrafos(4)\" data-google-query-id=\"CLzh4pOdgYgDFZFU3QIdMX4yiA\">\n<div id=\"google_ads_iframe_\/22046766299\/entreparrafos(4)_0__container__\">\n<h2>Horas de tiroteos y un joven abatido<\/h2>\n<p>En la noche del mismo s\u00e1bado, alrededor de las 22.30, culmin\u00f3 de forma tr\u00e1gica una secuencia\u00a0de tiroteos en el sector\u00a0Este de\u00a0<strong>Godoy Cruz.<\/strong>\u00a0Desde la tarde se reportaron detonaciones\u00a0y enfrentamientos, hasta que en la intersecci\u00f3n de las calles Terrada y Cabo Santa In\u00e9s, en el barrio Paulo VI,\u00a0termin\u00f3 muerto por un balazo en la cabeza Guillermo Nicol\u00e1s Quinteros (22).<\/p>\n<p>Al joven lo lesionaron en el p\u00f3mulo derecho y dej\u00f3 de existir instantes despu\u00e9s. Cuando\u00a0Polic\u00eda Cient\u00edfica inspeccion\u00f3\u00a0la escena, al lado del cuerpo se detectaron\u00a0vainas, por lo cual se cree que \u00e9l tambi\u00e9n estuvo disparando. M\u00e1s all\u00e1 de esto,\u00a0no se recuper\u00f3\u00a0el arma de fuego que portaba.<\/p>\n<p>Sus agresores se habr\u00edan movilizado en un veh\u00edculo y la hip\u00f3tesis de este homicidio\u00a0apunta a la venta de drogas en esa zona del departamento.<\/p>\n<h2>Discusi\u00f3n y un ataque mortal<\/h2>\n<p>Horas m\u00e1s tarde, aunque ya en la jornada del domingo, otra vez Las Heras ser\u00eda el escenario de un nuevo<strong>\u00a0asesinato<\/strong>. En calle Almafuerte al 1400, pasadas las 0.30, fue baleado en el t\u00f3rax y en un brazo\u00a0Juan Emiliano Jofr\u00e9 (34).<\/p>\n<p>Las heridas fueron\u00a0letales, ante la vista de un testigo que lo acompa\u00f1aba. \u00c9ste aport\u00f3 que un sujeto conocido por la v\u00edctima lleg\u00f3 en moto, discutieron y la\u00a0ejecut\u00f3\u00a0a corta distancia. Luego el acusado escap\u00f3.<\/p>\n<p>En esta causa, la teor\u00eda investigativa viene por rencillas que el hombre habr\u00eda tenido con otras personas, tambi\u00e9n con denuncias realizadas.<\/p>\n<h2>Un menor de edad acuchillado<\/h2>\n<p>Cerca de las 3, el contexto de\u00a0violencia se trasladar\u00eda a la<strong><a href=\"https:\/\/www.mdzol.com\/policiales\/2024\/8\/18\/engano-por-facebook-crimen-en-la-ciudad-de-mendoza-uno-de-los-acusados-punto-de-confesar-en-un-juicio-abreviado-451781.html\" target=\"_blank\" rel=\"noopener\">\u00a0Ciudad de Mendoza<\/a><\/strong>, m\u00e1s precisamente al hospital Lagomaggiore. All\u00ed, dos j\u00f3venes\u00a0en moto dejaron a Lucas Maximiliano Videla (15) muy herido y se fueron sin dar explicaciones. Los m\u00e9dicos que atendieron al chico constataron su deceso, como consecuencia de pu\u00f1aladas en el t\u00f3rax, en la espalda y en el cuero cabelludo.<\/p>\n<p>Al fallecido\u00a0la Polic\u00eda le encontr\u00f3\u00a0\u00a027 envoltorios con coca\u00edna y m\u00e1s de 20.000 pesos en efectivo. Sobre esto, los pesquisas\u00a0sospechan que el adolescente podr\u00eda\u00a0haber estado comercializando drogas en alguno de los barrios del Oeste de Capital y en esas circunstancias fue ultimado.<\/p>\n<p>Por el momento, no hay precisiones en cuanto al lugar en el se cometi\u00f3 el crimen y los sabuesos buscan con urgencia\u00a0a los individuos\u00a0que trasladaron al menor hasta el nosocomio.<\/p>\n<h2>\u00bfUn robo?<\/h2>\n<p>Por \u00faltimo, alrededor de las 12 de ayer, Juan Antonio Garc\u00eda Sep\u00falveda (77) fue hallado sin vida en el d\u00faplex en el que resid\u00eda\u00a0sobre la manzana M, en el barrio Esperanza III de Godoy Cruz. Su\u00a0sobrino arrib\u00f3\u00a0al domicilio, vio la puerta entreabierta y dio con su t\u00edo amordazado y atado de pies y manos en el ba\u00f1o.<\/p>\n<p>El cad\u00e1ver no presentaba lesiones visibles, y se estima que el se\u00f1or muri\u00f3 por asfixia o porque lo dejaron maniatado varios d\u00edas, cuando \u00e9l nada hubiera podido hacer ya que padec\u00eda hemiplejia.<\/p>\n<p>En este expediente toma fuerza la hip\u00f3tesis de un episodio de inseguridad, a partir de que un testigo revel\u00f3 que el jueves pasado observ\u00f3 salir de la propiedad\u00a0a un par de desconocidos con\u00a0diferentes objetos.<\/p>\n<p>Hasta este lunes\u00a0ninguno de los casos ten\u00eda detenidos, pero si algunos sospechosos y distintas\u00a0identidades que se manejaban. Adem\u00e1s, para todos los hechos se avanzar\u00e1 con m\u00e1s declaraciones\u00a0y, en lo posible, se intenta ubicar\u00a0c\u00e1maras de seguridad que sumen informaci\u00f3n clave.<\/p>\n<\/div>\n<\/div>\n<\/aside>\n<\/div>\n<div class=\"\">\n<div class=\"centrado bnn\">\n<div id=\"div-gpt-ad-fueradepagina\" data-google-query-id=\"CLnh4pOdgYgDFZFU3QIdMX4yiA\"><\/div>\n<\/div>\n<\/div>\n","protected":false},"excerpt":{"rendered":"<p>Desde la madrugada del s\u00e1bado a la ma\u00f1ana del domingo, hubo cinco asesinatos en Mendoza: dos en Las Heras, dos en &#8230;<\/p>\n","protected":false},"author":7,"featured_media":59082,"comment_status":"open","ping_status":"open","sticky":false,"template":"","format":"standard","meta":{"footnotes":""},"categories":[5,4],"tags":[],"class_list":["post-138612","post","type-post","status-publish","format-standard","has-post-thumbnail","hentry","category-actualidad","category-policiales"],"_links":{"self":[{"href":"https:\/\/vinasfm.com\/noticias\/wp-json\/wp\/v2\/posts\/138612","targetHints":{"allow":["GET"]}}],"collection":[{"href":"https:\/\/vinasfm.com\/noticias\/wp-json\/wp\/v2\/posts"}],"about":[{"href":"https:\/\/vinasfm.com\/noticias\/wp-json\/wp\/v2\/types\/post"}],"author":[{"embeddable":true,"href":"https:\/\/vinasfm.com\/noticias\/wp-json\/wp\/v2\/users\/7"}],"replies":[{"embeddable":true,"href":"https:\/\/vinasfm.com\/noticias\/wp-json\/wp\/v2\/comments?post=138612"}],"version-history":[{"count":2,"href":"https:\/\/vinasfm.com\/noticias\/wp-json\/wp\/v2\/posts\/138612\/revisions"}],"predecessor-version":[{"id":138643,"href":"https:\/\/vinasfm.com\/noticias\/wp-json\/wp\/v2\/posts\/138612\/revisions\/138643"}],"wp:featuredmedia":[{"embeddable":true,"href":"https:\/\/vinasfm.com\/noticias\/wp-json\/wp\/v2\/media\/59082"}],"wp:attachment":[{"href":"https:\/\/vinasfm.com\/noticias\/wp-json\/wp\/v2\/media?parent=138612"}],"wp:term":[{"taxonomy":"category","embeddable":true,"href":"https:\/\/vinasfm.com\/noticias\/wp-json\/wp\/v2\/categories?post=138612"},{"taxonomy":"post_tag","embeddable":true,"href":"https:\/\/vinasfm.com\/noticias\/wp-json\/wp\/v2\/tags?post=138612"}],"curies":[{"name":"wp","href":"https:\/\/api.w.org\/{rel}","templated":true}]}}