{"id":138609,"date":"2024-08-19T10:59:58","date_gmt":"2024-08-19T13:59:58","guid":{"rendered":"https:\/\/vinasfm.com\/noticias\/?p=138609"},"modified":"2024-08-20T10:19:56","modified_gmt":"2024-08-20T13:19:56","slug":"peleas-callejeras-un-ciudadano-fue-agredido-fuera-de-un-local-bailable-de-bowen","status":"publish","type":"post","link":"https:\/\/vinasfm.com\/noticias\/peleas-callejeras-un-ciudadano-fue-agredido-fuera-de-un-local-bailable-de-bowen\/","title":{"rendered":"PELEAS CALLEJERAS: UN CIUDADANO FUE AGREDIDO FUERA DE UN LOCAL BAILABLE DE BOWEN"},"content":{"rendered":"<h4><span style=\"color: #000000;\">Personal Policial tom\u00f3 conocimiento del hecho cuando el ciudadano agredido ingres\u00f3 al nosocomio local.<\/span><\/h4>\n<p><span style=\"color: #000000;\">Durante la madrugada del domingo, la comunidad de Bowen se vio conmovida luego de que se produjera una ri\u00f1a a la salida de un local bailable. Seg\u00fan explic\u00f3 el<\/span><span style=\"color: #003366;\"><strong> Comisario Iv\u00e1n Berm\u00fadez<\/strong> <\/span><span style=\"color: #000000;\"><em><strong>\u201cse tom\u00f3 conocimiento del hecho luego que la persona agredida ingresa a la guardia del Hospital Enfermeros Argentinos. Consecuentemente a ello, a v\u00edctima realiz\u00f3 la denuncia por lo que el ciudadano se\u00f1alado como agresor est\u00e1 aprehendido en Comisar\u00eda 46\u00b0\u201d.<\/strong><\/em><\/span><\/p>\n<p><span style=\"color: #000000;\">As\u00ed mismo, el Jefe de la Polic\u00eda Departamental explic\u00f3 que <strong><em>\u201ces necesario determinar si ha habido agresi\u00f3n mutua o no, en base a las medidas que se dispongan por parte de la Fiscal\u00eda. Sin embargo, lo que muestran las im\u00e1genes tomadas por las c\u00e1maras de seguridad, fue una sola persona la agredida\u201d.<\/em><\/strong> En cuanto a las lesiones de la v\u00edctima, la causa es investigada como <strong>Lesiones Leves.<\/strong><\/span><\/p>\n","protected":false},"excerpt":{"rendered":"<p>Personal Policial tom\u00f3 conocimiento del hecho cuando el ciudadano agredido ingres\u00f3 al nosocomio local. Durante la madrugada del domingo, la comunidad &#8230;<\/p>\n","protected":false},"author":7,"featured_media":56107,"comment_status":"open","ping_status":"open","sticky":false,"template":"","format":"standard","meta":{"footnotes":""},"categories":[10,4],"tags":[],"class_list":["post-138609","post","type-post","status-publish","format-standard","has-post-thumbnail","hentry","category-destacadas","category-policiales"],"_links":{"self":[{"href":"https:\/\/vinasfm.com\/noticias\/wp-json\/wp\/v2\/posts\/138609","targetHints":{"allow":["GET"]}}],"collection":[{"href":"https:\/\/vinasfm.com\/noticias\/wp-json\/wp\/v2\/posts"}],"about":[{"href":"https:\/\/vinasfm.com\/noticias\/wp-json\/wp\/v2\/types\/post"}],"author":[{"embeddable":true,"href":"https:\/\/vinasfm.com\/noticias\/wp-json\/wp\/v2\/users\/7"}],"replies":[{"embeddable":true,"href":"https:\/\/vinasfm.com\/noticias\/wp-json\/wp\/v2\/comments?post=138609"}],"version-history":[{"count":1,"href":"https:\/\/vinasfm.com\/noticias\/wp-json\/wp\/v2\/posts\/138609\/revisions"}],"predecessor-version":[{"id":138610,"href":"https:\/\/vinasfm.com\/noticias\/wp-json\/wp\/v2\/posts\/138609\/revisions\/138610"}],"wp:featuredmedia":[{"embeddable":true,"href":"https:\/\/vinasfm.com\/noticias\/wp-json\/wp\/v2\/media\/56107"}],"wp:attachment":[{"href":"https:\/\/vinasfm.com\/noticias\/wp-json\/wp\/v2\/media?parent=138609"}],"wp:term":[{"taxonomy":"category","embeddable":true,"href":"https:\/\/vinasfm.com\/noticias\/wp-json\/wp\/v2\/categories?post=138609"},{"taxonomy":"post_tag","embeddable":true,"href":"https:\/\/vinasfm.com\/noticias\/wp-json\/wp\/v2\/tags?post=138609"}],"curies":[{"name":"wp","href":"https:\/\/api.w.org\/{rel}","templated":true}]}}