{"id":138589,"date":"2024-08-19T09:37:28","date_gmt":"2024-08-19T12:37:28","guid":{"rendered":"https:\/\/vinasfm.com\/noticias\/?p=138589"},"modified":"2024-08-20T10:20:54","modified_gmt":"2024-08-20T13:20:54","slug":"el-barrio-zangrandi-tiene-una-nueva-cancha-de-futbol","status":"publish","type":"post","link":"https:\/\/vinasfm.com\/noticias\/el-barrio-zangrandi-tiene-una-nueva-cancha-de-futbol\/","title":{"rendered":"EL BARRIO ZANGRANDI TIENE UNA NUEVA CANCHA DE F\u00daTBOL"},"content":{"rendered":"<h4><span style=\"color: #000000;\">En un emotivo evento, se inaugur\u00f3 una nueva cancha en el barrio Zangrandi, un espacio que promete ser un punto de encuentro y diversi\u00f3n para los habitantes de esta comunidad. Gracias al esfuerzo conjunto de los vecinos, la delegaci\u00f3n de Alvear Oeste y Contingencias Sociales, este proyecto se ha hecho realidad, brindando a estos vecinos de calle 10 la oportunidad de disfrutar del deporte y la recreaci\u00f3n.<\/span><\/h4>\n<p><span style=\"color: #000000;\">La nueva cancha cuenta con iluminaci\u00f3n adecuada, lo que permite a los jugadores disfrutar de sus actividades tanto de d\u00eda como de noche. Este aspecto es fundamental para un barrio que se encuentra alejado del casco c\u00e9ntrico, donde las opciones para el esparcimiento son limitadas. Con esta infraestructura, se espera que m\u00e1s ni\u00f1os, j\u00f3venes y adultos se re\u00fanan para practicar deportes, fomentar la convivencia y fortalecer los lazos comunitarios.<\/span><\/p>\n<p><span style=\"color: #000000;\">La inauguraci\u00f3n fue el pasado s\u00e1bado y sirvi\u00f3, adem\u00e1s, para los festejos por el d\u00eda de la ni\u00f1ez<\/span><\/p>\n<p><a href=\"https:\/\/vinasfm.com\/noticias\/wp-content\/uploads\/2024\/08\/WhatsApp-Image-2024-08-19-at-09.23.42.jpeg\"><img loading=\"lazy\" decoding=\"async\" class=\"alignnone wp-image-138591\" src=\"https:\/\/vinasfm.com\/noticias\/wp-content\/uploads\/2024\/08\/WhatsApp-Image-2024-08-19-at-09.23.42-1024x576.jpeg\" alt=\"\" width=\"600\" height=\"338\" srcset=\"https:\/\/vinasfm.com\/noticias\/wp-content\/uploads\/2024\/08\/WhatsApp-Image-2024-08-19-at-09.23.42-1024x576.jpeg 1024w, https:\/\/vinasfm.com\/noticias\/wp-content\/uploads\/2024\/08\/WhatsApp-Image-2024-08-19-at-09.23.42-300x169.jpeg 300w, https:\/\/vinasfm.com\/noticias\/wp-content\/uploads\/2024\/08\/WhatsApp-Image-2024-08-19-at-09.23.42-768x432.jpeg 768w, https:\/\/vinasfm.com\/noticias\/wp-content\/uploads\/2024\/08\/WhatsApp-Image-2024-08-19-at-09.23.42-1536x864.jpeg 1536w, https:\/\/vinasfm.com\/noticias\/wp-content\/uploads\/2024\/08\/WhatsApp-Image-2024-08-19-at-09.23.42-1140x641.jpeg 1140w, https:\/\/vinasfm.com\/noticias\/wp-content\/uploads\/2024\/08\/WhatsApp-Image-2024-08-19-at-09.23.42.jpeg 1600w\" sizes=\"auto, (max-width: 600px) 100vw, 600px\" \/><\/a><\/p>\n<h6>Molero y Garc\u00eda festejaron el D\u00eda del Ni\u00f1o en el B\u00b0 Zangrandi.<\/h6>\n<p><span style=\"color: #000000;\"><strong>\u201cEsto no solo representa un avance para el barrio, sino tambi\u00e9n un s\u00edmbolo de unidad y colaboraci\u00f3n entre los vecinos. La participaci\u00f3n activa de la comunidad en el proceso de creaci\u00f3n de este espacio demuestra el compromiso y el deseo de mejorar la calidad de vida en el barrio\u201d<\/strong>, dijo la<span style=\"color: #003366;\"><strong> delegada de Alvear Oeste Jimena Garc\u00eda<\/strong><\/span>, quien acompa\u00f1\u00f3 al <span style=\"color: #003366;\"><strong>Intendente Alejandro Molero<\/strong><\/span> a la inauguraci\u00f3n.<\/span><\/p>\n<p><span style=\"color: #000000;\"><em><strong>\u201cLa cancha se convierte as\u00ed en un lugar significativo para los habitantes, donde podr\u00e1n llevar a cabo actividades deportivas y compartir momentos inolvidables. Adem\u00e1s, este nuevo espacio contribuir\u00e1 a promover h\u00e1bitos saludables entre los j\u00f3venes y a ofrecer alternativas recreativas que fortalezcan la cohesi\u00f3n social\u201d<\/strong><\/em>, afirm\u00f3 por su parte el <span style=\"color: #003366;\"><strong>Jefe Comunal.<\/strong><\/span><\/span><\/p>\n<p><span style=\"color: #000000;\">Se espera que la nueva cancha sea aprovechada al m\u00e1ximo por todos los vecinos, convirti\u00e9ndose en un verdadero hogar para el deporte y la amistad.<\/span><\/p>\n<p><span style=\"color: #000000;\">Cintia Contreras, vecina del lugar, agradeci\u00f3 la presencia de intendente en la nueva cancha que albergar\u00e1 a chicos de tres barrios de la zona: Zangrandi, Toscano y El Ceibo.<em><strong> \u201cEs un evento especial y estamos muy felices por ello. Esperan que los ni\u00f1os y adolescentes puedan aprovechar el espacio\u201d.<\/strong><\/em><\/span><\/p>\n<p><a href=\"https:\/\/vinasfm.com\/noticias\/wp-content\/uploads\/2024\/08\/WhatsApp-Image-2024-08-19-at-09.23.41-1.jpeg\"><img loading=\"lazy\" decoding=\"async\" class=\"alignnone wp-image-138592\" src=\"https:\/\/vinasfm.com\/noticias\/wp-content\/uploads\/2024\/08\/WhatsApp-Image-2024-08-19-at-09.23.41-1-1024x576.jpeg\" alt=\"\" width=\"600\" height=\"338\" srcset=\"https:\/\/vinasfm.com\/noticias\/wp-content\/uploads\/2024\/08\/WhatsApp-Image-2024-08-19-at-09.23.41-1-1024x576.jpeg 1024w, https:\/\/vinasfm.com\/noticias\/wp-content\/uploads\/2024\/08\/WhatsApp-Image-2024-08-19-at-09.23.41-1-300x169.jpeg 300w, https:\/\/vinasfm.com\/noticias\/wp-content\/uploads\/2024\/08\/WhatsApp-Image-2024-08-19-at-09.23.41-1-768x432.jpeg 768w, https:\/\/vinasfm.com\/noticias\/wp-content\/uploads\/2024\/08\/WhatsApp-Image-2024-08-19-at-09.23.41-1-1536x864.jpeg 1536w, https:\/\/vinasfm.com\/noticias\/wp-content\/uploads\/2024\/08\/WhatsApp-Image-2024-08-19-at-09.23.41-1-1140x641.jpeg 1140w, https:\/\/vinasfm.com\/noticias\/wp-content\/uploads\/2024\/08\/WhatsApp-Image-2024-08-19-at-09.23.41-1.jpeg 1600w\" sizes=\"auto, (max-width: 600px) 100vw, 600px\" \/><\/a><\/p>\n","protected":false},"excerpt":{"rendered":"<p>En un emotivo evento, se inaugur\u00f3 una nueva cancha en el barrio Zangrandi, un espacio que promete ser un punto de &#8230;<\/p>\n","protected":false},"author":7,"featured_media":138590,"comment_status":"open","ping_status":"open","sticky":false,"template":"","format":"standard","meta":{"footnotes":""},"categories":[10,11],"tags":[],"class_list":["post-138589","post","type-post","status-publish","format-standard","has-post-thumbnail","hentry","category-destacadas","category-sociales"],"_links":{"self":[{"href":"https:\/\/vinasfm.com\/noticias\/wp-json\/wp\/v2\/posts\/138589","targetHints":{"allow":["GET"]}}],"collection":[{"href":"https:\/\/vinasfm.com\/noticias\/wp-json\/wp\/v2\/posts"}],"about":[{"href":"https:\/\/vinasfm.com\/noticias\/wp-json\/wp\/v2\/types\/post"}],"author":[{"embeddable":true,"href":"https:\/\/vinasfm.com\/noticias\/wp-json\/wp\/v2\/users\/7"}],"replies":[{"embeddable":true,"href":"https:\/\/vinasfm.com\/noticias\/wp-json\/wp\/v2\/comments?post=138589"}],"version-history":[{"count":1,"href":"https:\/\/vinasfm.com\/noticias\/wp-json\/wp\/v2\/posts\/138589\/revisions"}],"predecessor-version":[{"id":138593,"href":"https:\/\/vinasfm.com\/noticias\/wp-json\/wp\/v2\/posts\/138589\/revisions\/138593"}],"wp:featuredmedia":[{"embeddable":true,"href":"https:\/\/vinasfm.com\/noticias\/wp-json\/wp\/v2\/media\/138590"}],"wp:attachment":[{"href":"https:\/\/vinasfm.com\/noticias\/wp-json\/wp\/v2\/media?parent=138589"}],"wp:term":[{"taxonomy":"category","embeddable":true,"href":"https:\/\/vinasfm.com\/noticias\/wp-json\/wp\/v2\/categories?post=138589"},{"taxonomy":"post_tag","embeddable":true,"href":"https:\/\/vinasfm.com\/noticias\/wp-json\/wp\/v2\/tags?post=138589"}],"curies":[{"name":"wp","href":"https:\/\/api.w.org\/{rel}","templated":true}]}}