{"id":138581,"date":"2024-08-19T08:24:49","date_gmt":"2024-08-19T11:24:49","guid":{"rendered":"https:\/\/vinasfm.com\/noticias\/?p=138581"},"modified":"2024-08-19T11:17:29","modified_gmt":"2024-08-19T14:17:29","slug":"temporada-invernal-hasta-cuando-permaneceran-habilitados-los-centros-de-esqui-en-mendoza","status":"publish","type":"post","link":"https:\/\/vinasfm.com\/noticias\/temporada-invernal-hasta-cuando-permaneceran-habilitados-los-centros-de-esqui-en-mendoza\/","title":{"rendered":"TEMPORADA INVERNAL: HASTA CU\u00c1NDO PERMANECER\u00c1N HABILITADOS LOS CENTROS DE ESQUI EN MENDOZA"},"content":{"rendered":"<p><span style=\"color: #000000;\">Este a\u00f1o, los principales centros de\u00a0<strong>esqu\u00ed de Mendoza<\/strong>\u00a0arrancaron antes de lo previsto, a ra\u00edz de un fuerte temporal en alta monta\u00f1a, y lograron una temporada extraordinaria, con much\u00edsimos visitantes procedentes de Mendoza y otras partes del pa\u00eds y del mundo.<\/span><\/p>\n<p><span style=\"color: #000000;\">Luego de que el\u00a0Parque de Nieve\u00a0<strong>Los Puquios<\/strong> cerrara su temporada 2024 este domingo,\u00a0a ra\u00edz de la falta de nieve, el resto de los centros invernales\u00a0informaron que continuar\u00e1n operando con normalidad, al menos, hasta septiembre.<\/span><\/p>\n<h2 id=\"h-penitentes-y-las-lenas-siguen-hasta-septiembre\" class=\"wp-block-heading\"><span style=\"color: #000000;\">Penitentes y Las Le\u00f1as, siguen hasta septiembre<\/span><\/h2>\n<p><span style=\"color: #000000;\">Si bien hace tiempo no nieva de manera abuntante en alta monta\u00f1a, las \u00faltimas precipitaciones n\u00edveas fueron d\u00e9biles, desde Penitentes informaron que se encuentran\u00a0<strong>operativo\u00a0al 100%.<\/strong><\/span><\/p>\n<p><span style=\"color: #000000;\"><strong>\u201cContamos con buena\u00a0nieve\u00a0en las pistas habilitadas, en medios de arrastre tanto de la pista escuela como el Poma\u201d<\/strong>, remarc\u00f3 <span style=\"color: #003366;\"><strong>Roby Riedel,<\/strong><\/span> uno de los responsables del complejo. Y en las mismas condiciones dijo que est\u00e1n la pista de trineo y la pista de patinaje sobre hielo.<\/span><\/p>\n<p><span style=\"color: #000000;\">Respecto a la afluencia de p\u00fablico, el empresario cont\u00f3 que sigue subiendo gente que visita Mendoza durante la temporada baja. <em><strong>\u201cNo es mucha cantidad, pero es un nivel aceptable que llega para aprovechar la nieve y los d\u00edas de sol\u201d.<\/strong><\/em><\/span><\/p>\n<p><span style=\"color: #000000;\">El predio, tal como en temporada alta, <strong>permanece abierto de 10 a 17<\/strong>, no es necesario realizar reservas para ingresar y el estacionamiento es gratuito.<\/span><\/p>\n<aside class=\"scaip scaip-2 \">\n<div class=\"newspack_global_ad scaip-2\">\n<div id=\"div-gpt-ad-f46184df3d-0\" data-google-query-id=\"CKCl_6f3gIgDFddU3QIdlVY6fg\">\n<div id=\"google_ads_iframe_\/91584839\/NOTA_INLINE_2_0__container__\">\n<p><span style=\"color: #000000;\">El valor de la entrada general pata el pase al Sector Trineos es de $15.000, en tanto, los residentes de Mendoza abonan 10.000 pesos.<\/span><\/p>\n<p><strong><span style=\"color: #000000;\">El Ticket Esqu\u00ed cuesta $25.000 para visitantes y $20.000 para mendocinos.<\/span><\/strong><\/p>\n<p><span style=\"color: #000000;\"><strong>Las Le\u00f1as<\/strong>\u00a0teniendo las mejores proyecciones gracias a la cantidad de nieve acumuladq\u00a0<strong>tiene previsto cerrar su temporada \u201cel 30 de septiembre\u201d<\/strong>, inform\u00f3 <span style=\"color: #003366;\"><strong>Fernando Passano<\/strong><\/span>, gerente de actividades de monta\u00f1a de ese centro de esqu\u00ed ubicado en el sur de Mendoza.<\/span><\/p>\n<p><span style=\"color: #000000;\"><em><strong>\u201cHa sido una temporada r\u00e9cord en lo que a nieve refiere. Comenzamos con 8 metros en la cumbre, 4 en la base y realmente fue una situaci\u00f3n \u00fanica que atrajo a una gran cantidad de visitantes y no s\u00f3lo esquiadores, sino familias que llegaron a pasar el d\u00eda para jugar, para disfrutar de la nieve\u201d<\/strong><\/em>, coment\u00f3 Passano.<\/span><\/p>\n<\/div>\n<\/div>\n<\/div>\n<\/aside>\n","protected":false},"excerpt":{"rendered":"<p>Este a\u00f1o, los principales centros de\u00a0esqu\u00ed de Mendoza\u00a0arrancaron antes de lo previsto, a ra\u00edz de un fuerte temporal en alta monta\u00f1a, &#8230;<\/p>\n","protected":false},"author":7,"featured_media":138582,"comment_status":"open","ping_status":"open","sticky":false,"template":"","format":"standard","meta":{"footnotes":""},"categories":[5,10],"tags":[],"class_list":["post-138581","post","type-post","status-publish","format-standard","has-post-thumbnail","hentry","category-actualidad","category-destacadas"],"_links":{"self":[{"href":"https:\/\/vinasfm.com\/noticias\/wp-json\/wp\/v2\/posts\/138581","targetHints":{"allow":["GET"]}}],"collection":[{"href":"https:\/\/vinasfm.com\/noticias\/wp-json\/wp\/v2\/posts"}],"about":[{"href":"https:\/\/vinasfm.com\/noticias\/wp-json\/wp\/v2\/types\/post"}],"author":[{"embeddable":true,"href":"https:\/\/vinasfm.com\/noticias\/wp-json\/wp\/v2\/users\/7"}],"replies":[{"embeddable":true,"href":"https:\/\/vinasfm.com\/noticias\/wp-json\/wp\/v2\/comments?post=138581"}],"version-history":[{"count":1,"href":"https:\/\/vinasfm.com\/noticias\/wp-json\/wp\/v2\/posts\/138581\/revisions"}],"predecessor-version":[{"id":138583,"href":"https:\/\/vinasfm.com\/noticias\/wp-json\/wp\/v2\/posts\/138581\/revisions\/138583"}],"wp:featuredmedia":[{"embeddable":true,"href":"https:\/\/vinasfm.com\/noticias\/wp-json\/wp\/v2\/media\/138582"}],"wp:attachment":[{"href":"https:\/\/vinasfm.com\/noticias\/wp-json\/wp\/v2\/media?parent=138581"}],"wp:term":[{"taxonomy":"category","embeddable":true,"href":"https:\/\/vinasfm.com\/noticias\/wp-json\/wp\/v2\/categories?post=138581"},{"taxonomy":"post_tag","embeddable":true,"href":"https:\/\/vinasfm.com\/noticias\/wp-json\/wp\/v2\/tags?post=138581"}],"curies":[{"name":"wp","href":"https:\/\/api.w.org\/{rel}","templated":true}]}}