{"id":138547,"date":"2024-08-16T18:37:47","date_gmt":"2024-08-16T21:37:47","guid":{"rendered":"https:\/\/vinasfm.com\/noticias\/?p=138547"},"modified":"2024-08-19T08:30:23","modified_gmt":"2024-08-19T11:30:23","slug":"una-camioneta-y-una-motocicleta-colisionaron-en-el-km-0","status":"publish","type":"post","link":"https:\/\/vinasfm.com\/noticias\/una-camioneta-y-una-motocicleta-colisionaron-en-el-km-0\/","title":{"rendered":"UNA CAMIONETA Y UNA MOTOCICLETA COLISIONARON EN EL KM 0"},"content":{"rendered":"<h4><span style=\"color: #000000;\">El hecho ocurri\u00f3 cerca delas10:00 horas, en la ma\u00f1ana de este viernes.<\/span><\/h4>\n<p><span style=\"color: #000000;\">Seg\u00fan se logr\u00f3 conocer, el siniestro fue protagonizado por un camioneta y una motocicleta. Producto del mismo el conductor delrodado menor, un masculino mayor de edad, ingres\u00f3 a la guardia del Hospital Enfermeros Argentinos con politraumatismos leves y escoriaci\u00f3n en pierna izquierda.\u00a0<\/span><\/p>\n<p><span style=\"color: #000000;\">Seg\u00fan informaron desde el nosocomio local, el paciente decidi\u00f3 no quedar en observaci\u00f3n y <strong>se retir\u00f3 por sus propios medios.\u00a0<\/strong><\/span><\/p>\n","protected":false},"excerpt":{"rendered":"<p>El hecho ocurri\u00f3 cerca delas10:00 horas, en la ma\u00f1ana de este viernes. Seg\u00fan se logr\u00f3 conocer, el siniestro fue protagonizado por &#8230;<\/p>\n","protected":false},"author":7,"featured_media":101629,"comment_status":"open","ping_status":"open","sticky":false,"template":"","format":"standard","meta":{"footnotes":""},"categories":[4,184],"tags":[],"class_list":["post-138547","post","type-post","status-publish","format-standard","has-post-thumbnail","hentry","category-policiales","category-siniestro-vial"],"_links":{"self":[{"href":"https:\/\/vinasfm.com\/noticias\/wp-json\/wp\/v2\/posts\/138547","targetHints":{"allow":["GET"]}}],"collection":[{"href":"https:\/\/vinasfm.com\/noticias\/wp-json\/wp\/v2\/posts"}],"about":[{"href":"https:\/\/vinasfm.com\/noticias\/wp-json\/wp\/v2\/types\/post"}],"author":[{"embeddable":true,"href":"https:\/\/vinasfm.com\/noticias\/wp-json\/wp\/v2\/users\/7"}],"replies":[{"embeddable":true,"href":"https:\/\/vinasfm.com\/noticias\/wp-json\/wp\/v2\/comments?post=138547"}],"version-history":[{"count":1,"href":"https:\/\/vinasfm.com\/noticias\/wp-json\/wp\/v2\/posts\/138547\/revisions"}],"predecessor-version":[{"id":138548,"href":"https:\/\/vinasfm.com\/noticias\/wp-json\/wp\/v2\/posts\/138547\/revisions\/138548"}],"wp:featuredmedia":[{"embeddable":true,"href":"https:\/\/vinasfm.com\/noticias\/wp-json\/wp\/v2\/media\/101629"}],"wp:attachment":[{"href":"https:\/\/vinasfm.com\/noticias\/wp-json\/wp\/v2\/media?parent=138547"}],"wp:term":[{"taxonomy":"category","embeddable":true,"href":"https:\/\/vinasfm.com\/noticias\/wp-json\/wp\/v2\/categories?post=138547"},{"taxonomy":"post_tag","embeddable":true,"href":"https:\/\/vinasfm.com\/noticias\/wp-json\/wp\/v2\/tags?post=138547"}],"curies":[{"name":"wp","href":"https:\/\/api.w.org\/{rel}","templated":true}]}}