{"id":138533,"date":"2024-08-16T11:17:23","date_gmt":"2024-08-16T14:17:23","guid":{"rendered":"https:\/\/vinasfm.com\/noticias\/?p=138533"},"modified":"2024-08-19T08:31:51","modified_gmt":"2024-08-19T11:31:51","slug":"argentina-reforzo-los-controles-por-la-nueva-cepa-de-la-viruela-del-mono-en-los-aeropuertos","status":"publish","type":"post","link":"https:\/\/vinasfm.com\/noticias\/argentina-reforzo-los-controles-por-la-nueva-cepa-de-la-viruela-del-mono-en-los-aeropuertos\/","title":{"rendered":"ARGENTINA REFORZ\u00d3 LOS CONTROLES POR LA NUEVA CEPA DE LA VIRUELA DEL MONO EN LOS AEROPUERTOS"},"content":{"rendered":"<h4><span style=\"color: #000000;\"><strong>Las medidas se extienden a pasos terrestres y puertos. Se declar\u00f3 el primer caso fuera de \u00c1frica. Lo que hay que saber del nuevo brote.<\/strong><\/span><\/h4>\n<p><span style=\"color: #000000;\">El\u00a0<strong>Ministerio de Salud de la Naci\u00f3n<\/strong>\u00a0dispuso<strong>\u00a0reforzar los controles en el pa\u00eds<\/strong>\u00a0por\u00a0el alerta sobre la\u00a0<em><strong>viruela de mono<\/strong><\/em>\u00a0que emiti\u00f3 la\u00a0<strong>Organizaci\u00f3n Mundial de la Salud<\/strong>, ya que este jueves se report\u00f3\u00a0<strong>el primer caso de la nueva cepa fuera de \u00c1frica<\/strong>: un hombre de nacionalidad sueca que hab\u00eda viajado a ese continente.<\/span><\/p>\n<p><span style=\"color: #000000;\">Las medidas de vigilancia epidemiol\u00f3gico apuntan al\u00a0<strong>monitoreo en aeropuertos, puertos y pasos terrestres.<\/strong><\/span><\/p>\n<p><span style=\"color: #000000;\">El comunicado establece que <strong>\u201c<em>se reforzaron las recomendaciones seg\u00fan las gu\u00edas del Reglamento Sanitario Internacional para dar las alertas ante sospechas a todos los referentes de frontera en los puntos de\u00a0entrada terrestre, puertos y aeropuertos<\/em>\u201c.<\/strong><\/span><\/p>\n<aside class=\"scaip scaip-1    \"><\/aside>\n<p><span style=\"color: #000000;\">Cuando se detecta un caso,\u00a0<strong>se activar\u00e1 un protocolo para aislar a la persona que ingresa al territorio nacional.<\/strong><\/span><\/p>\n<p><span style=\"color: #000000;\">La cartera sanitaria a cargo del ministro <span style=\"color: #003366;\"><strong>Mario Russo<\/strong><\/span>\u00a0<strong>no ha detectado en el pa\u00eds casos con la nueva variante del virus mpox<\/strong>, tambi\u00e9n llamado viruela s\u00edmica.<\/span><\/p>\n<p><span style=\"color: #000000;\">El \u00faltimo bolet\u00edn epidemiol\u00f3gico del 12 de agosto de este a\u00f1o registra cinco casos de viruela del mono en Argentina, de un total de 39 que fueron notificados como sospechosos.\u00a0<strong>No se han notificado muertes.<\/strong><\/span><\/p>\n<aside class=\"scaip scaip-2    \"><\/aside>\n<h2 id=\"h-caracteristicas-de-la-nueva-variante\" class=\"wp-block-heading\"><span style=\"color: #000000;\">Caracter\u00edsticas de la nueva variante<\/span><\/h2>\n<p><span style=\"color: #000000;\">La enfermedad mpox es causada por\u00a0<strong>el virus de la viruela s\u00edmica<\/strong>.<\/span><\/p>\n<p><span style=\"color: #000000;\">El virus se transmit\u00eda originalmente de animales a humanos, pero ahora tambi\u00e9n\u00a0<strong>se contagia entre personas<\/strong>.<\/span><\/p>\n<p><span style=\"color: #000000;\">Se han detectado en circulaci\u00f3n dos cepas principales del virus. El \u201cclado 1\u201d es end\u00e9mico en \u00c1frica central, mientras e<strong>l \u201c<em>clado 1b<\/em>\u201d es el nuevo tipo de virus, m\u00e1s agresivo, causante del brote actual.<\/strong><\/span><\/p>\n<aside class=\"scaip scaip-3    \"><\/aside>\n<p><span style=\"color: #000000;\"><strong><em>Se contagia al tocar la ropa, las ampollas o costras de la persona infectada, pero tambi\u00e9n por tos o estornudos de quien tiene el virus. Tambi\u00e9n por el contacto de fluidos corporales, como en las relaciones sexuales.<\/em><\/strong><\/span><\/p>\n<p><span style=\"color: #000000;\">Los\u00a0<strong>s\u00edntomas<\/strong>\u00a0iniciales incluyen fiebre, dolores de cabeza, hinchaz\u00f3n, dolor de espalda y dolores musculares.<\/span><\/p>\n<p><span style=\"color: #000000;\">Cuando la fiebre baja pueden aparecer\u00a0<strong>erupciones que suelen comenzar en la cara<\/strong>\u00a0y luego se pueden extender a otras partes del cuerpo, sobre todo las palmas de las manos y las plantas de los pies.<\/span><\/p>\n<aside class=\"scaip scaip-4    \"><\/aside>\n<p><span style=\"color: #000000;\">La erupci\u00f3n, que puede causar mucha picaz\u00f3n o dolor, cambia y pasa por diferentes etapas antes de formar finalmente una costra que luego se cae. Las lesiones pueden dejar cicatrices.<\/span><\/p>\n<p><span style=\"color: #000000;\">La infecci\u00f3n suele desaparecer por s\u00ed sola y dura<strong>\u00a0entre 14 y 21 d\u00edas<\/strong>.<\/span><\/p>\n<p><span style=\"color: #000000;\">En los casos graves las lesiones pueden abarcar todo el cuerpo, especialmente la boca, los ojos y los genitales.<\/span><\/p>\n","protected":false},"excerpt":{"rendered":"<p>Las medidas se extienden a pasos terrestres y puertos. Se declar\u00f3 el primer caso fuera de \u00c1frica. Lo que hay que &#8230;<\/p>\n","protected":false},"author":7,"featured_media":138536,"comment_status":"open","ping_status":"open","sticky":false,"template":"","format":"standard","meta":{"footnotes":""},"categories":[5,15],"tags":[],"class_list":["post-138533","post","type-post","status-publish","format-standard","has-post-thumbnail","hentry","category-actualidad","category-salud"],"_links":{"self":[{"href":"https:\/\/vinasfm.com\/noticias\/wp-json\/wp\/v2\/posts\/138533","targetHints":{"allow":["GET"]}}],"collection":[{"href":"https:\/\/vinasfm.com\/noticias\/wp-json\/wp\/v2\/posts"}],"about":[{"href":"https:\/\/vinasfm.com\/noticias\/wp-json\/wp\/v2\/types\/post"}],"author":[{"embeddable":true,"href":"https:\/\/vinasfm.com\/noticias\/wp-json\/wp\/v2\/users\/7"}],"replies":[{"embeddable":true,"href":"https:\/\/vinasfm.com\/noticias\/wp-json\/wp\/v2\/comments?post=138533"}],"version-history":[{"count":1,"href":"https:\/\/vinasfm.com\/noticias\/wp-json\/wp\/v2\/posts\/138533\/revisions"}],"predecessor-version":[{"id":138537,"href":"https:\/\/vinasfm.com\/noticias\/wp-json\/wp\/v2\/posts\/138533\/revisions\/138537"}],"wp:featuredmedia":[{"embeddable":true,"href":"https:\/\/vinasfm.com\/noticias\/wp-json\/wp\/v2\/media\/138536"}],"wp:attachment":[{"href":"https:\/\/vinasfm.com\/noticias\/wp-json\/wp\/v2\/media?parent=138533"}],"wp:term":[{"taxonomy":"category","embeddable":true,"href":"https:\/\/vinasfm.com\/noticias\/wp-json\/wp\/v2\/categories?post=138533"},{"taxonomy":"post_tag","embeddable":true,"href":"https:\/\/vinasfm.com\/noticias\/wp-json\/wp\/v2\/tags?post=138533"}],"curies":[{"name":"wp","href":"https:\/\/api.w.org\/{rel}","templated":true}]}}