{"id":138502,"date":"2024-08-15T19:11:01","date_gmt":"2024-08-15T22:11:01","guid":{"rendered":"https:\/\/vinasfm.com\/noticias\/?p=138502"},"modified":"2024-08-17T10:30:45","modified_gmt":"2024-08-17T13:30:45","slug":"convocatoria-a-audiencia-publica-sobre-el-proyecto-malargue-distrito-minero-occidental","status":"publish","type":"post","link":"https:\/\/vinasfm.com\/noticias\/convocatoria-a-audiencia-publica-sobre-el-proyecto-malargue-distrito-minero-occidental\/","title":{"rendered":"CONVOCATORIA A AUDIENCIA P\u00daBLICA SOBRE EL PROYECTO \u201cMALARG\u00dcE DISTRITO MINERO OCCIDENTAL\u201d"},"content":{"rendered":"<h4><span style=\"color: #000000;\">Se realizar\u00e1 de manera presencial en el Centro de Convenciones y Exposiciones Thesaurus y on-line el a trav\u00e9s de plataforma virtual<em>,\u00a0<\/em>el 6 de setiembre de 2024.<\/span><\/h4>\n<p><span style=\"color: #000000;\">La Autoridad Ambiental Minera, conformada por la Direcci\u00f3n de Miner\u00eda y la Direcci\u00f3n de Protecci\u00f3n Ambiental, invita a toda persona f\u00edsica o jur\u00eddica, ya sea de car\u00e1cter p\u00fablico o privado, que tenga un inter\u00e9s razonable, individual o colectivo, relacionado de manera directa o indirecta con el proyecto denominado <strong>\u201cMalarg\u00fce Distrito Minero Occidental\u201d<\/strong>, a participar en la audiencia p\u00fablica a realizarse el 6 de setiembre.<\/span><\/p>\n<p><span style=\"color: #000000;\">Esta convocatoria responde a la Resoluci\u00f3n Conjunta 40\/24 de la Direcci\u00f3n de Miner\u00eda y Resoluci\u00f3n 13\/24 de la Direcci\u00f3n de Protecci\u00f3n Ambiental.<strong> La audiencia de manera presencial en el Centro de Convenciones y Exposiciones Thesaurus, Avenida San Mart\u00edn, Pasaje La Orteguina, M5613 Malarg\u00fce, Mendoza y de manera virtual, a trav\u00e9s de la plataforma Zoom conforme a la legislaci\u00f3n vigente.<\/strong><\/span><\/p>\n<p><span style=\"color: #000000;\">Importante:<strong><em> la fecha l\u00edmite para la inscripci\u00f3n\u00a0on-line\u00a0es el 5 de setiembre de 2024, hasta las 23.59.<\/em><\/strong><\/span><\/p>\n<p><span style=\"color: #000000;\">La inscripci\u00f3n debe realizarse por internet en el sitio de la Subsecretar\u00eda de Ambiente. La participaci\u00f3n ciudadana es fundamental para el proceso de evaluaci\u00f3n y consulta del proyecto minero. Se espera contar con su presencia y aportes.<\/span><\/p>\n","protected":false},"excerpt":{"rendered":"<p>Se realizar\u00e1 de manera presencial en el Centro de Convenciones y Exposiciones Thesaurus y on-line el a trav\u00e9s de plataforma virtual,\u00a0el &#8230;<\/p>\n","protected":false},"author":7,"featured_media":138503,"comment_status":"open","ping_status":"open","sticky":false,"template":"","format":"standard","meta":{"footnotes":""},"categories":[5],"tags":[],"class_list":["post-138502","post","type-post","status-publish","format-standard","has-post-thumbnail","hentry","category-actualidad"],"_links":{"self":[{"href":"https:\/\/vinasfm.com\/noticias\/wp-json\/wp\/v2\/posts\/138502","targetHints":{"allow":["GET"]}}],"collection":[{"href":"https:\/\/vinasfm.com\/noticias\/wp-json\/wp\/v2\/posts"}],"about":[{"href":"https:\/\/vinasfm.com\/noticias\/wp-json\/wp\/v2\/types\/post"}],"author":[{"embeddable":true,"href":"https:\/\/vinasfm.com\/noticias\/wp-json\/wp\/v2\/users\/7"}],"replies":[{"embeddable":true,"href":"https:\/\/vinasfm.com\/noticias\/wp-json\/wp\/v2\/comments?post=138502"}],"version-history":[{"count":1,"href":"https:\/\/vinasfm.com\/noticias\/wp-json\/wp\/v2\/posts\/138502\/revisions"}],"predecessor-version":[{"id":138504,"href":"https:\/\/vinasfm.com\/noticias\/wp-json\/wp\/v2\/posts\/138502\/revisions\/138504"}],"wp:featuredmedia":[{"embeddable":true,"href":"https:\/\/vinasfm.com\/noticias\/wp-json\/wp\/v2\/media\/138503"}],"wp:attachment":[{"href":"https:\/\/vinasfm.com\/noticias\/wp-json\/wp\/v2\/media?parent=138502"}],"wp:term":[{"taxonomy":"category","embeddable":true,"href":"https:\/\/vinasfm.com\/noticias\/wp-json\/wp\/v2\/categories?post=138502"},{"taxonomy":"post_tag","embeddable":true,"href":"https:\/\/vinasfm.com\/noticias\/wp-json\/wp\/v2\/tags?post=138502"}],"curies":[{"name":"wp","href":"https:\/\/api.w.org\/{rel}","templated":true}]}}