{"id":138486,"date":"2024-08-15T10:24:33","date_gmt":"2024-08-15T13:24:33","guid":{"rendered":"https:\/\/vinasfm.com\/noticias\/?p=138486"},"modified":"2024-08-17T10:35:57","modified_gmt":"2024-08-17T13:35:57","slug":"salud-creo-un-banco-de-leche-materna-en-bowen","status":"publish","type":"post","link":"https:\/\/vinasfm.com\/noticias\/salud-creo-un-banco-de-leche-materna-en-bowen\/","title":{"rendered":"SALUD CRE\u00d3 UN BANCO DE LECHE MATERNA EN BOWEN"},"content":{"rendered":"<h4>\u00a0<span style=\"color: #000000;\">\u201cCerrando la brecha: apoyo a la lactancia materna en todas las situaciones\u201d, es el lema del mes de la Lactancia Materna 2024. General Alvear sigue fomentando la importancia de la lactancia y creando espacios saludables.<\/span><\/h4>\n<p><span style=\"color: #000000;\">Abordar la lactancia con corresponsabilidad implica pensarla como un hecho cultural, colectivo, una tarea compartida que tiene un impacto trascendental en la salud, de la persona que amamanta y tambi\u00e9n de la persona reci\u00e9n nacida. <strong>En el marco del mes de la Lactancia Materna, Salud cre\u00f3 un importante banco de leche en Bowen.<\/strong><\/span><\/p>\n<p><span style=\"color: #000000;\">Presente en el distrito del Este, el <strong>Coordinador del \u00c1rea Departamental de Salud<\/strong>,\u00a0<strong><span style=\"color: #003366;\">Marcos Domenech<\/span>,<\/strong> se\u00f1al\u00f3 que<strong> \u201ceste hecho es muy importante para todo el departamento. Es un espacio desarrollado para todas las madres que lo necesiten\u201d. <\/strong><\/span><\/p>\n<p><span style=\"color: #000000;\">Por su parte, la <span style=\"color: #003366;\"><strong>Doctora Graciela Raich<\/strong><\/span> explic\u00f3 que desde<strong> \u201chace alg\u00fan tiempo se viene trabajando duramente en crear espacios c\u00f3modos de lactancia en todos los \u00e1mbitos, es por eso que creamos este espacio para que las mujeres que amamantan puedan acudir y evacuar todas sus dudas\u201d. <\/strong><\/span><\/p>\n<p><span style=\"color: #000000;\">Sobre el lema asignado para el 2024, Raich explic\u00f3 que<strong> \u201cla lactancia materna es un derecho de alimentaci\u00f3n desde el nacimiento. Las madres alimentan con un equilibro nutricional muy importante, pero necesita contenci\u00f3n y acompa\u00f1amiento de toda la sociedad\u201d. <\/strong>Adem\u00e1s, la doctora manifest\u00f3 que<em><strong> \u201choy existen formulas que tienen buenos resultados, pero lo natural e ideal es que el reci\u00e9n nacido se alimente de su madre\u201d.<\/strong><\/em><\/span><\/p>\n<h2><span style=\"color: #000000;\">UNA PR\u00c1CTICA NATURAL Y BENEFICIOSA <\/span><\/h2>\n<p><span style=\"color: #000000;\">El amamantamiento es el proceso de alimentar a un beb\u00e9 con leche materna, directamente del seno de su madre. Es una pr\u00e1ctica natural y beneficiosa para el desarrollo y la salud del beb\u00e9, as\u00ed como para la madre. Aqu\u00ed hay algunos puntos clave sobre el amamantamiento:<\/span><\/p>\n<h3><span style=\"color: #000000;\">Beneficios para el beb\u00e9:<\/span><\/h3>\n<ul>\n<li><span style=\"color: #000000;\">Leche materna ideal para su nutrici\u00f3n<\/span><\/li>\n<li><span style=\"color: #000000;\">Fortalece el sistema inmunol\u00f3gico<\/span><\/li>\n<li><span style=\"color: #000000;\">Menor riesgo de enfermedades y alergias<\/span><\/li>\n<li><span style=\"color: #000000;\">Fomenta el v\u00ednculo emocional con la madre<\/span><\/li>\n<\/ul>\n<h3><span style=\"color: #000000;\">Beneficios para la madre:<\/span><\/h3>\n<ul>\n<li><span style=\"color: #000000;\">Ayuda a recuperar el \u00fatero despu\u00e9s del parto<\/span><\/li>\n<li><span style=\"color: #000000;\">Reduce el riesgo de c\u00e1ncer de mama y ovario<\/span><\/li>\n<li><span style=\"color: #000000;\">Fomenta el v\u00ednculo emocional con el beb\u00e9<\/span><\/li>\n<li><span style=\"color: #000000;\">Puede ayudar con la p\u00e9rdida de peso despu\u00e9s del parto<\/span><\/li>\n<\/ul>\n<h3><span style=\"color: #000000;\">Consejos para el amamantamiento:<\/span><\/h3>\n<ul>\n<li><span style=\"color: #000000;\">Busque ayuda de un profesional si tiene dificultades<\/span><\/li>\n<li><span style=\"color: #000000;\">Mantenga una buena hidrataci\u00f3n y alimentaci\u00f3n<\/span><\/li>\n<li><span style=\"color: #000000;\">Descanse y reduzca el estr\u00e9s<\/span><\/li>\n<li><span style=\"color: #000000;\">Amamante con frecuencia para mantener la producci\u00f3n de leche<\/span><\/li>\n<\/ul>\n","protected":false},"excerpt":{"rendered":"<p>\u00a0\u201cCerrando la brecha: apoyo a la lactancia materna en todas las situaciones\u201d, es el lema del mes de la Lactancia Materna &#8230;<\/p>\n","protected":false},"author":7,"featured_media":138487,"comment_status":"open","ping_status":"open","sticky":false,"template":"","format":"standard","meta":{"footnotes":""},"categories":[15,11],"tags":[],"class_list":["post-138486","post","type-post","status-publish","format-standard","has-post-thumbnail","hentry","category-salud","category-sociales"],"_links":{"self":[{"href":"https:\/\/vinasfm.com\/noticias\/wp-json\/wp\/v2\/posts\/138486","targetHints":{"allow":["GET"]}}],"collection":[{"href":"https:\/\/vinasfm.com\/noticias\/wp-json\/wp\/v2\/posts"}],"about":[{"href":"https:\/\/vinasfm.com\/noticias\/wp-json\/wp\/v2\/types\/post"}],"author":[{"embeddable":true,"href":"https:\/\/vinasfm.com\/noticias\/wp-json\/wp\/v2\/users\/7"}],"replies":[{"embeddable":true,"href":"https:\/\/vinasfm.com\/noticias\/wp-json\/wp\/v2\/comments?post=138486"}],"version-history":[{"count":3,"href":"https:\/\/vinasfm.com\/noticias\/wp-json\/wp\/v2\/posts\/138486\/revisions"}],"predecessor-version":[{"id":138490,"href":"https:\/\/vinasfm.com\/noticias\/wp-json\/wp\/v2\/posts\/138486\/revisions\/138490"}],"wp:featuredmedia":[{"embeddable":true,"href":"https:\/\/vinasfm.com\/noticias\/wp-json\/wp\/v2\/media\/138487"}],"wp:attachment":[{"href":"https:\/\/vinasfm.com\/noticias\/wp-json\/wp\/v2\/media?parent=138486"}],"wp:term":[{"taxonomy":"category","embeddable":true,"href":"https:\/\/vinasfm.com\/noticias\/wp-json\/wp\/v2\/categories?post=138486"},{"taxonomy":"post_tag","embeddable":true,"href":"https:\/\/vinasfm.com\/noticias\/wp-json\/wp\/v2\/tags?post=138486"}],"curies":[{"name":"wp","href":"https:\/\/api.w.org\/{rel}","templated":true}]}}