{"id":138475,"date":"2024-08-15T09:11:32","date_gmt":"2024-08-15T12:11:32","guid":{"rendered":"https:\/\/vinasfm.com\/noticias\/?p=138475"},"modified":"2024-08-16T08:40:34","modified_gmt":"2024-08-16T11:40:34","slug":"robo-y-agresion-en-calle-buenos-aires-bermudez-aseguro-que-se-logro-dar-con-la-persona-que-se-buscaba","status":"publish","type":"post","link":"https:\/\/vinasfm.com\/noticias\/robo-y-agresion-en-calle-buenos-aires-bermudez-aseguro-que-se-logro-dar-con-la-persona-que-se-buscaba\/","title":{"rendered":"ROBO Y AGRESI\u00d3N EN CALLE BUENOS AIRES: BERM\u00daDEZ ASEGUR\u00d3 QUE SE LOGR\u00d3 DAR CON LA PERSONA QUE SE BUSCABA"},"content":{"rendered":"<h4><span style=\"color: #000000;\">El sospechoso fue aprehendido en la madrugada del mi\u00e9rcoles luego de la Justicia efectuara m\u00e1s de 10 medidas de allanamiento en el departamento.<\/span><\/h4>\n<p><span style=\"color: #000000;\">El pasado viernes, en horas la ma\u00f1ana, tuvo lugar un violento robo en calle Buenos Aires que caus\u00f3 gran conmoci\u00f3n en la comunidad alvearense. Las v\u00edctimas fueron un matrimonio de jubilados que, adem\u00e1s de sufrir un robo, fueron gravemente agredidos por el autor del delito.<\/span><\/p>\n<p><span style=\"color: #000000;\">En la madrugada del d\u00eda mi\u00e9rcoles, 14 de agosto, se logr\u00f3 la aprehensi\u00f3n del principal sospechoso. El <span style=\"color: #003366;\"><strong>Comisario Iv\u00e1n Berm\u00fadez<\/strong><\/span> se\u00f1al\u00f3 que <em><strong>\u201cdesde un primer momento comenzamos a buscar a esta persona, es por eso que se dispusieron todas las medidas para lograr detener al sujeto y ponerlo a disposici\u00f3n de la Fiscal\u00eda\u201d.<\/strong><\/em><\/span><\/p>\n<p><span style=\"color: #000000;\">Por su parte, el <strong><span style=\"color: #003366;\">Subcomisario Fabi\u00e1n Rubio<\/span><\/strong>, a cargo de la Unidad de Investigaciones, explic\u00f3 que <em><strong>\u201cuna de las grandes razones por la cual se tard\u00f3 en encontrar a este sujeto es que estaba siendo encubierto por personas de la misma cala\u00f1a\u201d.<\/strong><\/em> As\u00ed mismo, el Subcomisario asegur\u00f3 que <em><strong>\u201cel sospechoso se mantuvo todo el tiempo en movimiento para dificultar la investigaci\u00f3n\u201d. \u00a0<\/strong><\/em><\/span><\/p>\n<p>&nbsp;<\/p>\n","protected":false},"excerpt":{"rendered":"<p>El sospechoso fue aprehendido en la madrugada del mi\u00e9rcoles luego de la Justicia efectuara m\u00e1s de 10 medidas de allanamiento en &#8230;<\/p>\n","protected":false},"author":7,"featured_media":138476,"comment_status":"open","ping_status":"open","sticky":false,"template":"","format":"standard","meta":{"footnotes":""},"categories":[5,22],"tags":[],"class_list":["post-138475","post","type-post","status-publish","format-standard","has-post-thumbnail","hentry","category-actualidad","category-justicia"],"_links":{"self":[{"href":"https:\/\/vinasfm.com\/noticias\/wp-json\/wp\/v2\/posts\/138475","targetHints":{"allow":["GET"]}}],"collection":[{"href":"https:\/\/vinasfm.com\/noticias\/wp-json\/wp\/v2\/posts"}],"about":[{"href":"https:\/\/vinasfm.com\/noticias\/wp-json\/wp\/v2\/types\/post"}],"author":[{"embeddable":true,"href":"https:\/\/vinasfm.com\/noticias\/wp-json\/wp\/v2\/users\/7"}],"replies":[{"embeddable":true,"href":"https:\/\/vinasfm.com\/noticias\/wp-json\/wp\/v2\/comments?post=138475"}],"version-history":[{"count":2,"href":"https:\/\/vinasfm.com\/noticias\/wp-json\/wp\/v2\/posts\/138475\/revisions"}],"predecessor-version":[{"id":138484,"href":"https:\/\/vinasfm.com\/noticias\/wp-json\/wp\/v2\/posts\/138475\/revisions\/138484"}],"wp:featuredmedia":[{"embeddable":true,"href":"https:\/\/vinasfm.com\/noticias\/wp-json\/wp\/v2\/media\/138476"}],"wp:attachment":[{"href":"https:\/\/vinasfm.com\/noticias\/wp-json\/wp\/v2\/media?parent=138475"}],"wp:term":[{"taxonomy":"category","embeddable":true,"href":"https:\/\/vinasfm.com\/noticias\/wp-json\/wp\/v2\/categories?post=138475"},{"taxonomy":"post_tag","embeddable":true,"href":"https:\/\/vinasfm.com\/noticias\/wp-json\/wp\/v2\/tags?post=138475"}],"curies":[{"name":"wp","href":"https:\/\/api.w.org\/{rel}","templated":true}]}}