{"id":138468,"date":"2024-08-15T08:26:09","date_gmt":"2024-08-15T11:26:09","guid":{"rendered":"https:\/\/vinasfm.com\/noticias\/?p=138468"},"modified":"2024-08-16T08:41:11","modified_gmt":"2024-08-16T11:41:11","slug":"mendoza-la-inflacion-de-julio-fue-del-4","status":"publish","type":"post","link":"https:\/\/vinasfm.com\/noticias\/mendoza-la-inflacion-de-julio-fue-del-4\/","title":{"rendered":"MENDOZA: LA INFLACI\u00d3N DE JULIO FUE DEL 4%"},"content":{"rendered":"<h4><span style=\"color: #000000;\">El acumulado en siete meses ascendi\u00f3 a 80%, mientras que la diferencia con los precios del a\u00f1o anterior es de 263%.<\/span><\/h4>\n<p><span style=\"color: #000000;\">El\u00a0<strong>\u00cdndice de Precios al Consumidor<\/strong>\u00a0<strong>marc\u00f3 para Mendoza un 4%<\/strong>. En siete meses, la\u00a0<strong>inflaci\u00f3n acumulada en la provincia ascendi\u00f3 a 80%<\/strong>.\u00a0<strong>La variaci\u00f3n con el nivel de precios del mismo mes, pero de 2023, ya es de 263%.<\/strong><\/span><\/p>\n<p><span style=\"color: #000000;\">La cifra producida por la Direcci\u00f3n de Estad\u00edsticas e Investigaciones Econ\u00f3micas\u00a0se encuentra en consonancia con el dato del promedio nacional dado por el Indec, tambi\u00e9n del 4%.<\/span><\/p>\n<p><span style=\"color: #000000;\">Los rubros que experimentaron una mayor inflaci\u00f3n fueron\u00a0<strong>Vivienda y Servicios B\u00e1sicos<\/strong>\u00a0(8%),\u00a0<strong>Otros Bienes y Servicios<\/strong>\u00a0(6,7%) y\u00a0<strong>Educaci\u00f3n<\/strong>\u00a0(6,1%).<\/span><\/p>\n<p><span style=\"color: #000000;\">Tambi\u00e9n coincidente con la temporada de vacaciones de invierno, Esparcimiento tuvo una suba de 5%, al igual que Atenci\u00f3n M\u00e9dica y Gastos para la Salud, con 5,2%.<\/span><\/p>\n<p><span style=\"color: #000000;\"><strong>Alimentos y Bebidas, el m\u00e1s sensible de todos, est\u00e1 por debajo del promedio provincial, con 3,5%.<\/strong><\/span><\/p>\n<h2 id=\"h-las-tarifas-empujan-los-rubros-con-mas-inflacion-en-el-ano\" class=\"wp-block-heading\"><span style=\"color: #000000;\">Las tarifas empujan los rubros con m\u00e1s inflaci\u00f3n en el a\u00f1o<\/span><\/h2>\n<p><span style=\"color: #000000;\"><strong>En estos siete meses de 2024, por lejos lo que m\u00e1s inflaci\u00f3n ha tenido es Vivienda y Servicios B\u00e1sicos<\/strong>, donde adem\u00e1s del alquiler tambi\u00e9n est\u00e1n contemplados los gastos en las tarifas de los servicios p\u00fablicos.<strong>\u00a0A esta altura del a\u00f1o, el alza se despeg\u00f3 de otros rubros y lleg\u00f3 a casi el 160% de inflaci\u00f3n.<\/strong><\/span><\/p>\n<p><span style=\"color: #000000;\">Tambi\u00e9n le sigue<strong>\u00a0Otros Bienes y Servicios, donde se encuentra por caso el costo del combustible, que mes a mes tiene un reajuste por impuestos. Ya es del 121,8%<\/strong>.<\/span><\/p>\n<p><span style=\"color: #000000;\">El tercer segmento que se encuentra en las tres cifras es Transporte y Comunicaciones, por el alza en los boletos y la desregulaci\u00f3n en las tarifas de las empresas vinculadas a telefon\u00eda celular, internet y TV por cable.<\/span><\/p>\n<p><span style=\"color: #000000;\">Por debajo de las tres cifras, la inflaci\u00f3n ha impactado en los gastos m\u00e9dicos y luego en el equipamiento para el hogar.<\/span><\/p>\n<p><span style=\"color: #000000;\">Lo que menos aumento en 2024 ha sido el esparcimiento.<\/span><\/p>\n<h2 id=\"h-interanual\" class=\"wp-block-heading\"><span style=\"color: #000000;\">Interanual<\/span><\/h2>\n<p><span style=\"color: #000000;\"><strong>Todos los rubros se encuentran por arriba de la vara de las tres cifras<\/strong>. La mayor\u00eda registra una inflaci\u00f3n mayor al 200%. Pero<strong>\u00a0s\u00f3lo dos est\u00e1n por arriba de la vara del 300%<\/strong>.<\/span><\/p>\n<p><span style=\"color: #000000;\">Y\u00a0<strong>en ambos casos coinciden con los aumentos en tarifas de servicios p\u00fablicos.<\/strong><\/span><\/p>\n<p><span style=\"color: #000000;\">Uno es Otros Bienes y Servicios, que contempla una diferencia interanual de 322,5%.<\/span><\/p>\n<p><span style=\"color: #000000;\">El otro es Vivienda y Servicios B\u00e1sicos, con 321,6%.<\/span><\/p>\n<p>&nbsp;<\/p>\n","protected":false},"excerpt":{"rendered":"<p>El acumulado en siete meses ascendi\u00f3 a 80%, mientras que la diferencia con los precios del a\u00f1o anterior es de 263%. &#8230;<\/p>\n","protected":false},"author":7,"featured_media":138472,"comment_status":"open","ping_status":"open","sticky":false,"template":"","format":"standard","meta":{"footnotes":""},"categories":[5,16],"tags":[],"class_list":["post-138468","post","type-post","status-publish","format-standard","has-post-thumbnail","hentry","category-actualidad","category-economia"],"_links":{"self":[{"href":"https:\/\/vinasfm.com\/noticias\/wp-json\/wp\/v2\/posts\/138468","targetHints":{"allow":["GET"]}}],"collection":[{"href":"https:\/\/vinasfm.com\/noticias\/wp-json\/wp\/v2\/posts"}],"about":[{"href":"https:\/\/vinasfm.com\/noticias\/wp-json\/wp\/v2\/types\/post"}],"author":[{"embeddable":true,"href":"https:\/\/vinasfm.com\/noticias\/wp-json\/wp\/v2\/users\/7"}],"replies":[{"embeddable":true,"href":"https:\/\/vinasfm.com\/noticias\/wp-json\/wp\/v2\/comments?post=138468"}],"version-history":[{"count":1,"href":"https:\/\/vinasfm.com\/noticias\/wp-json\/wp\/v2\/posts\/138468\/revisions"}],"predecessor-version":[{"id":138469,"href":"https:\/\/vinasfm.com\/noticias\/wp-json\/wp\/v2\/posts\/138468\/revisions\/138469"}],"wp:featuredmedia":[{"embeddable":true,"href":"https:\/\/vinasfm.com\/noticias\/wp-json\/wp\/v2\/media\/138472"}],"wp:attachment":[{"href":"https:\/\/vinasfm.com\/noticias\/wp-json\/wp\/v2\/media?parent=138468"}],"wp:term":[{"taxonomy":"category","embeddable":true,"href":"https:\/\/vinasfm.com\/noticias\/wp-json\/wp\/v2\/categories?post=138468"},{"taxonomy":"post_tag","embeddable":true,"href":"https:\/\/vinasfm.com\/noticias\/wp-json\/wp\/v2\/tags?post=138468"}],"curies":[{"name":"wp","href":"https:\/\/api.w.org\/{rel}","templated":true}]}}