{"id":138451,"date":"2024-08-14T15:08:29","date_gmt":"2024-08-14T18:08:29","guid":{"rendered":"https:\/\/vinasfm.com\/noticias\/?p=138451"},"modified":"2024-08-15T10:27:48","modified_gmt":"2024-08-15T13:27:48","slug":"el-hcd-reconocio-a-agustin-loser-como-embajador-de-general-alvear","status":"publish","type":"post","link":"https:\/\/vinasfm.com\/noticias\/el-hcd-reconocio-a-agustin-loser-como-embajador-de-general-alvear\/","title":{"rendered":"EL HCD RECONOCI\u00d3 A AGUST\u00cdN LOSER COMO EMBAJADOR DE GENERAL ALVEAR"},"content":{"rendered":"<h4><span style=\"color: #000000;\">Es jugador de v\u00f3ley, juega en el club Allianz Milano e integra la Selecci\u00f3n Argentina. \u00a0Compiti\u00f3 en los Juegos Ol\u00edmpicos de Tokio 2020 donde obtuvo la medalla de bronce y fue elegido como el Mejor Bloqueador de la VNL 2024.<\/span><\/h4>\n<p><span style=\"color: #000000;\">Con 26 a\u00f1os, Agust\u00edn Loser se ha transformado en <strong>uno de los m\u00e1ximos exponentes del v\u00f3ley tanto en Argentina como en el resto del mundo, lo que lo ha llevado a conseguir varias distinciones en distintos campeonatos. <\/strong><\/span><\/p>\n<p><span style=\"color: #000000;\">De regreso en General Alvear, su tierra natal, luego de su paso por los <span style=\"color: #0000ff;\"><strong>JJOO Paris 2024<\/strong><\/span>, <strong>Loser fue reconocido por el Honorable Concejo Deliberante como \u201cEmbajador\u201d por su\u00a0 trayectoria y logros deportivos.<\/strong><\/span><\/p>\n<p><span style=\"color: #000000;\"><strong><em>\u201cSiempre es lindo volver, regar pilas y desconectarse un poco\u201d<\/em><\/strong>,\u00a0 expres\u00f3 <span style=\"color: #003366;\"><strong>Agust\u00edn <\/strong><\/span>en los micr\u00f3fonos de <span style=\"color: #800080;\"><strong>FM VI\u00d1AS<\/strong><\/span>, as\u00ed mismo reconoci\u00f3 el duro momento que pas\u00f3 junto al seleccionado argentino de v\u00f3ley tras quedar eliminados en los JJOO; <strong><em>\u201cven\u00edamos con un trabajo muy bueno, pero no pudimos desenvolvernos como nos gustar\u00eda. Son cosas del deporte, pero esto nos va a ayudar a seguir creciendo como grupo\u201d.<\/em><\/strong><\/span><\/p>\n<p><a href=\"https:\/\/vinasfm.com\/noticias\/wp-content\/uploads\/2024\/08\/FB_IMG_1723658533275.jpg\"><img loading=\"lazy\" decoding=\"async\" class=\"alignnone wp-image-138457\" src=\"https:\/\/vinasfm.com\/noticias\/wp-content\/uploads\/2024\/08\/FB_IMG_1723658533275.jpg\" alt=\"\" width=\"450\" height=\"308\" srcset=\"https:\/\/vinasfm.com\/noticias\/wp-content\/uploads\/2024\/08\/FB_IMG_1723658533275.jpg 720w, https:\/\/vinasfm.com\/noticias\/wp-content\/uploads\/2024\/08\/FB_IMG_1723658533275-300x205.jpg 300w\" sizes=\"auto, (max-width: 450px) 100vw, 450px\" \/><\/a> <a href=\"https:\/\/vinasfm.com\/noticias\/wp-content\/uploads\/2024\/08\/FB_IMG_1723658527959.jpg\"><img loading=\"lazy\" decoding=\"async\" class=\"alignnone wp-image-138458\" src=\"https:\/\/vinasfm.com\/noticias\/wp-content\/uploads\/2024\/08\/FB_IMG_1723658527959.jpg\" alt=\"\" width=\"450\" height=\"300\" srcset=\"https:\/\/vinasfm.com\/noticias\/wp-content\/uploads\/2024\/08\/FB_IMG_1723658527959.jpg 720w, https:\/\/vinasfm.com\/noticias\/wp-content\/uploads\/2024\/08\/FB_IMG_1723658527959-300x200.jpg 300w\" sizes=\"auto, (max-width: 450px) 100vw, 450px\" \/><\/a><\/p>\n<h6>Agust\u00edn Loser fue reconocido por el Honorable Concejo Deliberante de General Alvear.<\/h6>\n<p><span style=\"color: #000000;\"><strong><em>\u201cAmo a mi pueblo y siempre es muy lindo volver\u201d<\/em><\/strong>, expres\u00f3 \u201cEl Muro\u201d tras ser reconocido como Embajador de General Alvear. Su visita al departamento coincide con el inicio de las 59\u00b0 Olimpiadas de la Escuela de Agricultura, instituci\u00f3n en donde dio sus primeros pasos deportivos<strong><em>. \u201cTengo recuerdos muy lindos sobre mi etapa en la secundaria, por eso deseo que disfruten al m\u00e1ximo esta experiencia con todo lo que conlleva\u201d<\/em><\/strong>, expres\u00f3 Agust\u00edn Loser.<\/span><\/p>\n<p><span style=\"color: #000000;\">En cuanto a su agenda con el club <strong><span style=\"color: #800000;\">Allianz Milano<\/span> <\/strong>de Italia, Loser explic\u00f3 \u201c<strong><em>a\u00fan quedan un mes de entrenamientos con partidos amistosos, pero se viene una temporada muy agitada ya que el Perugia juega todos los campeonatos\u201d. <\/em><\/strong><\/span><\/p>\n","protected":false},"excerpt":{"rendered":"<p>Es jugador de v\u00f3ley, juega en el club Allianz Milano e integra la Selecci\u00f3n Argentina. \u00a0Compiti\u00f3 en los Juegos Ol\u00edmpicos de &#8230;<\/p>\n","protected":false},"author":7,"featured_media":138456,"comment_status":"open","ping_status":"open","sticky":false,"template":"","format":"standard","meta":{"footnotes":""},"categories":[26,11],"tags":[],"class_list":["post-138451","post","type-post","status-publish","format-standard","has-post-thumbnail","hentry","category-hcd","category-sociales"],"_links":{"self":[{"href":"https:\/\/vinasfm.com\/noticias\/wp-json\/wp\/v2\/posts\/138451","targetHints":{"allow":["GET"]}}],"collection":[{"href":"https:\/\/vinasfm.com\/noticias\/wp-json\/wp\/v2\/posts"}],"about":[{"href":"https:\/\/vinasfm.com\/noticias\/wp-json\/wp\/v2\/types\/post"}],"author":[{"embeddable":true,"href":"https:\/\/vinasfm.com\/noticias\/wp-json\/wp\/v2\/users\/7"}],"replies":[{"embeddable":true,"href":"https:\/\/vinasfm.com\/noticias\/wp-json\/wp\/v2\/comments?post=138451"}],"version-history":[{"count":2,"href":"https:\/\/vinasfm.com\/noticias\/wp-json\/wp\/v2\/posts\/138451\/revisions"}],"predecessor-version":[{"id":138459,"href":"https:\/\/vinasfm.com\/noticias\/wp-json\/wp\/v2\/posts\/138451\/revisions\/138459"}],"wp:featuredmedia":[{"embeddable":true,"href":"https:\/\/vinasfm.com\/noticias\/wp-json\/wp\/v2\/media\/138456"}],"wp:attachment":[{"href":"https:\/\/vinasfm.com\/noticias\/wp-json\/wp\/v2\/media?parent=138451"}],"wp:term":[{"taxonomy":"category","embeddable":true,"href":"https:\/\/vinasfm.com\/noticias\/wp-json\/wp\/v2\/categories?post=138451"},{"taxonomy":"post_tag","embeddable":true,"href":"https:\/\/vinasfm.com\/noticias\/wp-json\/wp\/v2\/tags?post=138451"}],"curies":[{"name":"wp","href":"https:\/\/api.w.org\/{rel}","templated":true}]}}