{"id":138444,"date":"2024-08-14T10:30:10","date_gmt":"2024-08-14T13:30:10","guid":{"rendered":"https:\/\/vinasfm.com\/noticias\/?p=138444"},"modified":"2024-08-15T10:28:02","modified_gmt":"2024-08-15T13:28:02","slug":"vuelve-mendoza-activa-cuanto-aportara-el-gobierno-a-comercios-por-invertir-en-mendoza","status":"publish","type":"post","link":"https:\/\/vinasfm.com\/noticias\/vuelve-mendoza-activa-cuanto-aportara-el-gobierno-a-comercios-por-invertir-en-mendoza\/","title":{"rendered":"\u00bfVUELVE \u00abMENDOZA ACTIVA\u00bb?: CU\u00c1NTO APORTAR\u00c1 EL GOBIERNO A COMERCIOS POR INVERTIR EN MENDOZA"},"content":{"rendered":"<h4><span style=\"color: #000000;\">Por la recesi\u00f3n,\u00a0<strong class=\"ignore-parser\">recuperar\u00e1n parte de la inversi\u00f3n<\/strong>\u00a0v\u00eda reintegros. Adem\u00e1s, el Gobierno subsidiar\u00e1 el salario de trabajadores j\u00f3venes que tomen los comercios.<\/span><\/h4>\n<p><span style=\"color: #000000;\">Mientras se corre de otras funciones que ejerc\u00eda, en medio de la recesi\u00f3n el Gobierno recurre a una herramienta conocida, \u00e9sta vez orientada a un sector puntual de Mendoza: devolver, v\u00eda reintegros o ANR (Aportes No Reintegrables, conocidos como subsidios) buena parte de las inversiones que realicen los comercios en Mendoza, en busca de lograr se\u00f1ales de reactivaci\u00f3n de la econom\u00eda provincial.<\/span><\/p>\n<p><span style=\"color: #000000;\">As\u00ed lo present\u00f3 ante comerciantes y directivos este martes. Para muchos, es\u00a0una suerte de\u00a0<strong>\u00abrevival\u00bb o secuela del programa \u00abMendoza Activa\u00bb<\/strong>\u00a0que fue suceso\u00a0<strong>a partir del 2021<\/strong>, como pol\u00edtica de\u00a0<strong>sost\u00e9n de una econom\u00eda que buscaba recuperarse del duro golpe propinado por la pandemia.<\/strong>\u00a0Y que\u00a0<strong>hasta 2023 devolvi\u00f3 miles de millones en reintegros a inversiones\u00a0<\/strong>de la agroindustria, la construcci\u00f3n, energ\u00eda renovable y hasta producciones audiovisuales.<\/span><\/p>\n<p><span style=\"color: #000000;\"><strong>\u00abDespega tu Comercio\u00bb<\/strong>. El programa ahora tiene otro nombre pero el mismo esp\u00edritu, porque, al igual que en su momento ofrec\u00eda Mendoza Activa, los due\u00f1os de los comercios podr\u00e1n recuperar 40% del presupuesto, en este caso, que se ejecute desde el 1 de octubre pr\u00f3ximo.<\/span><\/p>\n<p><span style=\"color: #000000;\"><strong><em>\u00abEl plazo m\u00e1ximo de ejecuci\u00f3n de la inversi\u00f3n ser\u00e1 de seis meses. Entendemos que en un contexto de econom\u00eda en recesi\u00f3n que el tiempo se extienda har\u00e1 que frente a los gastos necesarios ese dinero termine licu\u00e1ndose\u00bb<\/em><\/strong>, se\u00f1al\u00f3 al respecto Emilce Vega Espinoza, subsecretaria de Empleo y Capacitaci\u00f3n.<\/span><\/p>\n<p><span style=\"color: #000000;\">Otra condici\u00f3n expl\u00edcita para lograr alguno de los reintegros es justamente crear nuevo empleo registrado. Algo relacionado con otro programa renovado por el Gobierno de la mano con el est\u00edmulo a la inversi\u00f3n: Enlace y Enlazados (ver abajo).<\/span><\/p>\n<h2><span style=\"color: #000000;\">C\u00f3mo lo ven desde el comercio<\/span><\/h2>\n<p><span style=\"color: #000000;\">Antes, el subsecretario de Comercio e Industria del Ministerio de Producci\u00f3n, Alberto Marengo, hab\u00eda puntualizado que <em><strong>\u00abtodo el fondeo de este tipo de incentivos proviene de \u00abla reasignaci\u00f3n de partidas que logr\u00f3 el ministerio, a partir de la cual cada \u00e1rea trabaja en lo espec\u00edfico\u00bb.<\/strong><\/em><\/span><\/p>\n<p><span style=\"color: #000000;\">Cabe recordar que el Gobierno hab\u00eda decidido en julio cerrar varios institutos que durante a\u00f1os trabajaron en tem\u00e1ticas puntuales. Entre ellos, el IDC (Instituto de Desarrollo Comercial), abocado en los \u00faltimos 15 a capacitar y asistir a comercios de distintos puntos de la provincia.<\/span><\/p>\n<p><span style=\"color: #000000;\">\u00abCreo que siempre es bueno que haya medidas para ayudar al comercio. Resta ver la letra chica para saber qu\u00e9 tan f\u00e1cil ser\u00e1 acceder, porque a veces se exige un capital casi tan grande como el de la inversi\u00f3n que se pretende facilitar\u00bb, analiz\u00f3 Juan Francisco Retali, un referente del rubro jugueter\u00eda.<\/span><\/p>\n<p><span style=\"color: #000000;\">Entre los referentes del circuito gastron\u00f3mico varios admiten que tienen proyectos en carpeta que el reintegro que ofrece el Gobierno seguramente va a acelerar.<\/span><\/p>\n<p><span style=\"color: #000000;\">Uno de ellos es Farid Massud, co-propietario junto a su hermano Samir de la cadena de restaurantes y food trucks Arabian Food.<\/span><\/p>\n<p><span style=\"color: #000000;\">Massud valor\u00f3 el tope de $20 millones frente a la magnitud de las inversiones que exige el rubro. No sin dejar de admitir que <em><strong>\u00abla ventana de tiempo es corta, por lo que habr\u00e1 que llegar a setiembre con el proyecto armado para poder aprovecharla\u00bb.<\/strong><\/em><\/span><\/p>\n<h3><span style=\"color: #000000;\">Incentivos al empleo<\/span><\/h3>\n<p><span style=\"color: #000000;\">Lo dicho. En paralelo a la nueva apuesta para apalancar las inversiones de los comercios en Mendoza, tambi\u00e9n se relanz\u00f3 el conocido programa de incentivos al empleo que est\u00e1 vigente desde la pospandemia. Aunque en adelante, seg\u00fan el Gobierno, Enlace-Enlazados tendr\u00e1 un alcance m\u00e1s amplio.<\/span><\/p>\n<p><span style=\"color: #000000;\">Por caso, desde ahora est\u00e1 activo <strong>\u00abEnlace J\u00f3ven\u00bb<\/strong> que, en sinton\u00eda con su nombre, subsidiar\u00e1 el equivalente al salario m\u00ednimo de cada trabajador de entre 18 y 30 a\u00f1os que curse una carrera universitaria o terciaria contratado por una empresa. Esto es, $262.432,93 mensuales durante 5 meses.<\/span><\/p>\n<p><span style=\"color: #000000;\">Pero como el Ejecutivo provincial pretende impulsar la econom\u00eda del conocimiento, ahora da una se\u00f1al m\u00e1s en tal sentido. As\u00ed las empresas del sector TIC (Tecnolog\u00eda de la Inform\u00e1tica y las Comunicaciones) que tomen a j\u00f3venes de esa edad y est\u00e9n en la universidad recibir\u00e1n por el mismo per\u00edodo el equivalente a 2 SMVM: o sea, $524.865,86 por mes.<\/span><\/p>\n<p><span style=\"color: #000000;\">El \u00faltimo factor diferenciador en este plano es la magnitud de la inversi\u00f3n. Y por ende, de la cantidad de nuevos empleos que se generen, par\u00e1metros del programa llamado <strong>\u00abEnlazados Grandes Inversiones\u00bb .<\/strong><\/span><\/p>\n<p><span style=\"color: #000000;\"><em><strong>\u00abEst\u00e1 destinado a inversiones que impliquen contratar 51 trabajadores o m\u00e1s en blanco, en cuyo caso podr\u00e1n contar con el pago de un salario m\u00ednimo por cada uno durante 12 meses que ya recibieron dos empresas para la inauguraci\u00f3n de sus locales recientemente\u00bb<\/strong><\/em>, acot\u00f3 Vega Espinoza.<\/span><\/p>\n<p><span style=\"color: #000000;\">La referencia es a la apertura del nuevo eslab\u00f3n de la cadena fastfood Mostaza en el Centro mendocino. Y Global Solutions, una firma que acaba de habilitar su call-center en General Alvear.<\/span><\/p>\n","protected":false},"excerpt":{"rendered":"<p>Por la recesi\u00f3n,\u00a0recuperar\u00e1n parte de la inversi\u00f3n\u00a0v\u00eda reintegros. Adem\u00e1s, el Gobierno subsidiar\u00e1 el salario de trabajadores j\u00f3venes que tomen los comercios. &#8230;<\/p>\n","protected":false},"author":7,"featured_media":138445,"comment_status":"open","ping_status":"open","sticky":false,"template":"","format":"standard","meta":{"footnotes":""},"categories":[5,10],"tags":[],"class_list":["post-138444","post","type-post","status-publish","format-standard","has-post-thumbnail","hentry","category-actualidad","category-destacadas"],"_links":{"self":[{"href":"https:\/\/vinasfm.com\/noticias\/wp-json\/wp\/v2\/posts\/138444","targetHints":{"allow":["GET"]}}],"collection":[{"href":"https:\/\/vinasfm.com\/noticias\/wp-json\/wp\/v2\/posts"}],"about":[{"href":"https:\/\/vinasfm.com\/noticias\/wp-json\/wp\/v2\/types\/post"}],"author":[{"embeddable":true,"href":"https:\/\/vinasfm.com\/noticias\/wp-json\/wp\/v2\/users\/7"}],"replies":[{"embeddable":true,"href":"https:\/\/vinasfm.com\/noticias\/wp-json\/wp\/v2\/comments?post=138444"}],"version-history":[{"count":3,"href":"https:\/\/vinasfm.com\/noticias\/wp-json\/wp\/v2\/posts\/138444\/revisions"}],"predecessor-version":[{"id":138450,"href":"https:\/\/vinasfm.com\/noticias\/wp-json\/wp\/v2\/posts\/138444\/revisions\/138450"}],"wp:featuredmedia":[{"embeddable":true,"href":"https:\/\/vinasfm.com\/noticias\/wp-json\/wp\/v2\/media\/138445"}],"wp:attachment":[{"href":"https:\/\/vinasfm.com\/noticias\/wp-json\/wp\/v2\/media?parent=138444"}],"wp:term":[{"taxonomy":"category","embeddable":true,"href":"https:\/\/vinasfm.com\/noticias\/wp-json\/wp\/v2\/categories?post=138444"},{"taxonomy":"post_tag","embeddable":true,"href":"https:\/\/vinasfm.com\/noticias\/wp-json\/wp\/v2\/tags?post=138444"}],"curies":[{"name":"wp","href":"https:\/\/api.w.org\/{rel}","templated":true}]}}