{"id":138383,"date":"2024-08-13T09:13:20","date_gmt":"2024-08-13T12:13:20","guid":{"rendered":"https:\/\/vinasfm.com\/noticias\/?p=138383"},"modified":"2024-08-13T09:13:20","modified_gmt":"2024-08-13T12:13:20","slug":"el-comisario-bermudez-se-refirio-al-hecho-delictivo-en-calle-buenos-aires-y-aseguro-que-estamos-todos-abocados-al-esclarecimiento","status":"publish","type":"post","link":"https:\/\/vinasfm.com\/noticias\/el-comisario-bermudez-se-refirio-al-hecho-delictivo-en-calle-buenos-aires-y-aseguro-que-estamos-todos-abocados-al-esclarecimiento\/","title":{"rendered":"EL COMISARIO BERM\u00daDEZ SE REFIRI\u00d3 AL HECHO DELICTIVO EN CALLE BUENOS AIRES Y ASEGUR\u00d3 QUE  \u201cESTAMOS TODOS ABOCADOS AL ESCLARECIMIENTO\u201d"},"content":{"rendered":"<p><strong><span style=\"color: #000000;\">Un matrimonio de adultos mayores sufri\u00f3 un violento asalto en su domicilio el pasado viernes. Uno de los implicados fue detenido en la jornada del domingo.<\/span><\/strong><\/p>\n<p><span style=\"color: #000000;\">En el marco del 110\u00b0 aniversario de General Alvear, y luego que el <span style=\"color: #003366;\"><strong>Sr. Intendente Alejandro Molero<\/strong><\/span> exigiera un r\u00e1pido accionar en la resoluci\u00f3n de hechos de inseguridad en el departamento, <strong>el Jefe de la Polic\u00eda Departamental, <span style=\"color: #003366;\">Comisario Iv\u00e1n Berm\u00fadez<\/span><\/strong>; se refiri\u00f3 al trabajo\u00a0 realizado por la instituci\u00f3n y el Poder Judicial, asegurando que <em><strong>\u201cestamos todos abocados al esclarecimiento\u00a0 del hecho\u201d.<\/strong><\/em><\/span><\/p>\n<p><span style=\"color: #000000;\">Entre todas las medidas judiciales dispuestas a ra\u00edz del violento asalto que tuvo lugar en un domicilio de calle Buenos Aires al 140, durante la jornada se logr\u00f3 la aprehensi\u00f3n de un sujeto presuntamente implicado.<em><strong> \u201cComo auxiliares de la Justicia damos cumplimiento a las medidas que se ordenan y consecuente con las medidas que se han cumplimentado, la persona hoy est\u00e1 a disposici\u00f3n de la Fiscal\u00eda\u201d.<\/strong><\/em><\/span><\/p>\n<p><span style=\"color: #000000;\">En el inicio de la investigaci\u00f3n se hablaba de una sola persona como el responsable del acto vand\u00e1lico, en ese contexto Berm\u00fadez explic\u00f3 que <em><strong>\u201cdesde que se inicia la investigaci\u00f3n pueden surgir distintas hip\u00f3tesis, la v\u00edctima puede aportar distintos datos que ayuden a esclarecer el hecho\u201d.<\/strong><\/em><\/span><\/p>\n<p><span style=\"color: #000000;\">Hasta el momento<strong> se han llevado a cabo 10 medidas de allanamiento, una de ellas dando como resultado la aprehensi\u00f3n de uno de los asaltantes en inmediaciones de calle Alberdi<\/strong>. En el procedimiento, el trabajo realizado por la Divisi\u00f3n VANT (veh\u00edculo a\u00e9reo no tripulado) fue<strong><em>\u00a0\u201cclave en la aprehensi\u00f3n que incluy\u00f3 una persecuci\u00f3n por los techos de las casas de la zona con uno de los drones de la Polic\u00eda\u201d<\/em><\/strong>, expresaron desde la cartera de Seguridad.<\/span><\/p>\n","protected":false},"excerpt":{"rendered":"<p>Un matrimonio de adultos mayores sufri\u00f3 un violento asalto en su domicilio el pasado viernes. Uno de los implicados fue detenido &#8230;<\/p>\n","protected":false},"author":7,"featured_media":138384,"comment_status":"open","ping_status":"open","sticky":false,"template":"","format":"standard","meta":{"footnotes":""},"categories":[1],"tags":[],"class_list":["post-138383","post","type-post","status-publish","format-standard","has-post-thumbnail","hentry","category-fmvinas"],"_links":{"self":[{"href":"https:\/\/vinasfm.com\/noticias\/wp-json\/wp\/v2\/posts\/138383","targetHints":{"allow":["GET"]}}],"collection":[{"href":"https:\/\/vinasfm.com\/noticias\/wp-json\/wp\/v2\/posts"}],"about":[{"href":"https:\/\/vinasfm.com\/noticias\/wp-json\/wp\/v2\/types\/post"}],"author":[{"embeddable":true,"href":"https:\/\/vinasfm.com\/noticias\/wp-json\/wp\/v2\/users\/7"}],"replies":[{"embeddable":true,"href":"https:\/\/vinasfm.com\/noticias\/wp-json\/wp\/v2\/comments?post=138383"}],"version-history":[{"count":2,"href":"https:\/\/vinasfm.com\/noticias\/wp-json\/wp\/v2\/posts\/138383\/revisions"}],"predecessor-version":[{"id":138395,"href":"https:\/\/vinasfm.com\/noticias\/wp-json\/wp\/v2\/posts\/138383\/revisions\/138395"}],"wp:featuredmedia":[{"embeddable":true,"href":"https:\/\/vinasfm.com\/noticias\/wp-json\/wp\/v2\/media\/138384"}],"wp:attachment":[{"href":"https:\/\/vinasfm.com\/noticias\/wp-json\/wp\/v2\/media?parent=138383"}],"wp:term":[{"taxonomy":"category","embeddable":true,"href":"https:\/\/vinasfm.com\/noticias\/wp-json\/wp\/v2\/categories?post=138383"},{"taxonomy":"post_tag","embeddable":true,"href":"https:\/\/vinasfm.com\/noticias\/wp-json\/wp\/v2\/tags?post=138383"}],"curies":[{"name":"wp","href":"https:\/\/api.w.org\/{rel}","templated":true}]}}