{"id":138378,"date":"2024-08-13T08:29:08","date_gmt":"2024-08-13T11:29:08","guid":{"rendered":"https:\/\/vinasfm.com\/noticias\/?p=138378"},"modified":"2024-08-14T08:09:32","modified_gmt":"2024-08-14T11:09:32","slug":"mendoza-realiza-el-xvi-censo-simultaneo-de-condor-andino","status":"publish","type":"post","link":"https:\/\/vinasfm.com\/noticias\/mendoza-realiza-el-xvi-censo-simultaneo-de-condor-andino\/","title":{"rendered":"MENDOZA REALIZA EL XVI CENSO SIMULT\u00c1NEO DE C\u00d3NDOR ANDINO"},"content":{"rendered":"<h4><span style=\"color: #000000;\">Comienza en la Red de \u00c1reas Naturales Protegidas de la Provincia de Mendoza, declaradas Santuarios del C\u00f3ndor para la Conservaci\u00f3n de la Naturaleza. De este modo, se completa el cuarto ciclo estacional anual<\/span><\/h4>\n<p><span style=\"color: #000000;\">El d\u00e9cimosexto <strong>Censo Simult\u00e1neo de C\u00f3ndor Andino<\/strong> tiene como objeto conservar a las poblaciones silvestres dentro de las reservas naturales y se enmarca en el<strong> Programa para la Conservaci\u00f3n del C\u00f3ndor Andino en la red de \u00c1reas Naturales Protegidas<\/strong> de nuestra provincia.<\/span><\/p>\n<p><span style=\"color: #000000;\">El importante estudio es organizado por las direcciones de Biodiversidad y Ecoparque, y la de \u00c1reas Protegidas, dependientes de la Subsecretaria de Ambiente de Mendoza del Ministerio de Energ\u00eda y Ambiente, junto a la Fundaci\u00f3n Bioandina Argentina.<\/span><\/p>\n<p><span style=\"color: #000000;\">Participar\u00e1n como instituciones invitadas la Reserva Natural Villavicencio, la Fundaci\u00f3n Cullunche, SOS Acci\u00f3n Salvaje, Ecoparque Mendoza y Ecoparque Buenos Aires.<\/span><\/p>\n<h2><span style=\"color: #000000;\"><strong>Los resultados del \u00faltimo censo<\/strong><\/span><\/h2>\n<p><span style=\"color: #000000;\">El d\u00e9cimoquinto censo simult\u00e1neo de c\u00f3ndor andino se realiz\u00f3 el 3 de junio de 2024 en la Red de \u00c1reas Naturales Protegidas de la provincia de Mendoza. Dio continuidad a lo propuesto en el Programa para la Conservaci\u00f3n de C\u00f3ndor Andino que lleva adelante la Direcci\u00f3n de \u00c1reas Protegidas junto a la Fundaci\u00f3n Bioandina Argentina, en el marco del Programa de Santuarios del C\u00f3ndor para la Conservaci\u00f3n de la Naturaleza.<\/span><\/p>\n<p><span style=\"color: #000000;\">Cabe destacar que el <strong>Gobierno de la Provincia de Mendoza y la Fundaci\u00f3n Bioandina Argentina firmaron un convenio de colaboraci\u00f3n mutua, en el marco del Plan Integral de Conservaci\u00f3n del C\u00f3ndor Andino, que permiti\u00f3 la declaraci\u00f3n de las \u00c1reas Naturales Protegidas de la Provincia como Santuarios del C\u00f3ndor para la Conservaci\u00f3n de la Naturalez<\/strong>a. A partir de este convenio, se trabaja \u00a0de manera conjunta en la organizaci\u00f3n de censos simult\u00e1neos estacionales en la red de \u00c1reas Protegidas de la Provincia de Mendoza.<\/span><\/p>\n<p><span style=\"color: #000000;\">La tarea permite conocer el estado poblacional de la especie dentro de las \u00e1reas naturales protegidas de Mendoza, lo que facilitar\u00e1 prevenir, identificar y mitigar amenazas que pongan en peligro a la especie dentro de las unidades de la red.<\/span><\/p>\n<p><span style=\"color: #000000;\">El <strong>director de Biodiversidad y Ecoparque, <span style=\"color: #003366;\">Ignacio Haudet<\/span><\/strong>, resalt\u00f3 que <em><strong>\u00bbel objetivo del estudio es asistir a la conservaci\u00f3n de estas maravillosas aves generando informaci\u00f3n que nos permita conocer la situaci\u00f3n de la especie dentro de cada jurisdicci\u00f3n con el objeto de poder contribuir a la conservaci\u00f3n de biodiversidad y el equilibrio ecol\u00f3gico\u00bb.<\/strong><\/em><\/span><\/p>\n<p><span style=\"color: #000000;\">El funcionario agreg\u00f3: <em><strong>\u201cBuscamos garantizar su conservaci\u00f3n in situ en nuestra provincia a trav\u00e9s de acciones coordinadas que ayuden a reducir las presiones sobre la especie y su h\u00e1bitat a corto, mediano y largo plazo\u201d.<\/strong><\/em><\/span><\/p>\n<p><img loading=\"lazy\" decoding=\"async\" class=\"\" src=\"https:\/\/www.mendoza.gov.ar\/wp-content\/uploads\/sites\/5\/2024\/08\/WhatsApp-Image-2024-08-12-at-14.27.12-4-700x525.jpeg\" width=\"405\" height=\"304\" \/> <img loading=\"lazy\" decoding=\"async\" class=\"\" src=\"https:\/\/www.mendoza.gov.ar\/wp-content\/uploads\/sites\/5\/2024\/08\/WhatsApp-Image-2024-08-12-at-14.27.13-3-700x525.jpeg\" width=\"405\" height=\"304\" \/><\/p>\n<h6><span style=\"color: #000000;\">La cantidad total de individuos registrados en los intervalos de observaci\u00f3n fue de <strong>51 c\u00f3ndores<\/strong>. <\/span><\/h6>\n<p><span style=\"color: #000000;\">Por su parte,<strong> el presidente de la Fundaci\u00f3n Bioandina y director del Programa de Conservaci\u00f3n C\u00f3ndor Andino, <span style=\"color: #003366;\">Luis J\u00e1come<\/span><\/strong>, se\u00f1al\u00f3 que <em><strong>\u201cgracias al esfuerzo mancomunado, es posible comprender el estado de la poblaci\u00f3n de c\u00f3ndores y c\u00f3mo la especie utiliza las \u00c1reas Naturales Protegidas y espacios de inter\u00e9s para la conservaci\u00f3n del c\u00f3ndor en Mendoza. Es maravilloso todo lo que vamos viendo y estamos muy felices de haber alcanzado el censo n\u00famero 15\u201d.<\/strong><\/em><\/span><\/p>\n<p><span style=\"color: #000000;\">J\u00e1come reconoci\u00f3 que la tarea se pudo concretar <em><strong>\u201cgracias a un esfuerzo muy importante que venimos realizando desde la Direcci\u00f3n de \u00c1reas Protegidas del Ministerio de Energ\u00eda y Ambiente de Mendoza junto con la Fundaci\u00f3n Bioandina Argentina, que cuenta a su vez con la colaboraci\u00f3n de instituciones como SOS Acci\u00f3n Salvaje, Reserva Natural y Sitio Ramsar Villavicencio, Ecoparque de Buenos Aires, Ecoparque Mendoza y Fundaci\u00f3n Cullunche\u201d.<\/strong><\/em><\/span><\/p>\n<p><span style=\"color: #000000;\">En total se pudieron reportar 51 c\u00f3ndores, 21 de ellos avistados simult\u00e1neamente. <em><strong>\u201cLos 30 censistas cuentan la cantidad de ejemplares que ven a la misma hora. De esta manera podemos tener un n\u00famero de observaci\u00f3n simult\u00e1nea. As\u00ed se evita contar un ejemplar m\u00e1s de una vez teniendo en cuenta que una especie como el c\u00f3ndor andino vuela enormes distancias\u201d<\/strong><\/em>, explic\u00f3 el representante de la Fundaci\u00f3n.<\/span><\/p>\n<p><span style=\"color: #000000;\">La cantidad total de individuos registrados en los intervalos de observaci\u00f3n fue de <strong>51 c\u00f3ndores<\/strong>. De ellos, <strong>35 c\u00f3ndores fueron registrados en \u00e1reas de vuelo, 3 en dormideros y 13 en \u00e1rea del nido.<\/strong> En el dormidero de Pulverenti se observaron 3 individuos y no hubo ning\u00fan registro en el dormidero de Los Oscuros. En las 8 \u00e1reas de vuelo muestreadas se reportaron 35 c\u00f3ndores: 13 en Yaucha, 7 en Punta de Vacas, 7 en Mirador Manzano, 4 en Usina 3 y 4 en el cerro Arenales. En las dem\u00e1s \u00e1reas de vuelo no se registraron c\u00f3ndores en la jornada del censo. En el nido del Parque Provincial Tupungato se reportaron al menos 13 c\u00f3ndores distintos.<\/span><\/p>\n<p><span style=\"color: #000000;\">Con la edici\u00f3n del d\u00e9cimoquinto censo simult\u00e1neo en la provincia de Mendoza, se logr\u00f3 obtener cuatro registros en oto\u00f1o. Esto permite analizar si los datos del \u00faltimo censo son similares o no a lo que se viene obteniendo para esta estaci\u00f3n. Los m\u00e1ximos simult\u00e1neos por estaci\u00f3n en las ANP de Mendoza muestran un patr\u00f3n definido. <strong>El invierno resulta ser la estaci\u00f3n con menor variabilidad de los datos, es decir, los valores de este \u00edndice resultan muy parecidos en todos los censos de invierno, con un promedio de 32 c\u00f3ndores. El oto\u00f1o resulta ser la estaci\u00f3n con los registros m\u00e1s bajos de observaciones, en promedio 19 c\u00f3ndores, y existe una variabilidad mayor al invierno. La primavera es la estaci\u00f3n que presenta mayor variabilidad entre censos, con un promedio de 42 ejemplares y el record de observaci\u00f3n, en el quinto censo, es de 69 individuos. Por \u00faltimo, el verano presenta un promedio similar al invierno (34 ejemplares), pero con una variabilidad mayor que el oto\u00f1o.<\/strong><\/span><\/p>\n<p><span style=\"color: #000000;\"><em><strong>\u201cEsto es un esfuerzo enorme que se viene realizando dentro de las \u00e1reas naturales protegidas de la provincia de Mendoza que fueron declaradas Santuario del C\u00f3ndor para la Conservaci\u00f3n de la Naturaleza. Con este censo simult\u00e1neo de c\u00f3ndor andino, se da continuidad al monitoreo de esta especie amenazada en las ANP de la provincia de Mendoza. Afortunadamente, el nido de Tupungato contin\u00faa activo, los padres est\u00e1n criando al pich\u00f3n, el cual fue observado directamente por los censistas. En este sitio, adem\u00e1s de los padres y el pich\u00f3n, fueron observados otros c\u00f3ndores, entre ellos, juveniles. Este es un dato alentador que destaca la importancia del sitio y de las \u00c1reas Naturales Protegidas de Mendoza para la conservaci\u00f3n de esta especie\u201d<\/strong><\/em>, concluy\u00f3 el presidente de la Fundaci\u00f3n Bioandina.<\/span><\/p>\n<p><img loading=\"lazy\" decoding=\"async\" class=\"\" src=\"https:\/\/www.mendoza.gov.ar\/wp-content\/uploads\/sites\/5\/2024\/08\/WhatsApp-Image-2024-08-12-at-14.27.14-4-700x525.jpeg\" width=\"405\" height=\"304\" \/> <img loading=\"lazy\" decoding=\"async\" class=\"\" src=\"https:\/\/www.mendoza.gov.ar\/wp-content\/uploads\/sites\/5\/2024\/08\/WhatsApp-Image-2024-08-12-at-14.27.14-5-700x525.jpeg\" width=\"405\" height=\"304\" \/><\/p>\n<h6><span style=\"color: #000000;\">Las observaciones se realizaron en un total de 11 puntos de observaci\u00f3n.<\/span><\/h6>\n<p><span style=\"color: #000000;\">Con el d\u00e9cimoquinto censo simult\u00e1neo de c\u00f3ndor andino, se da continuidad al monitoreo de esta especie amenazada en las ANP de la provincia de Mendoza. En esta oportunidad, la fecha del censo fue pospuesta dos veces debido a complicaciones en el clima. Afortunadamente, se pudo concretar este censo oto\u00f1al pero las temperaturas fueron muy bajas y en algunos sitios hubo nevadas que complicaron m\u00e1s de lo habitual el acceso a los sitios. Merece destacarse una vez m\u00e1s la pasi\u00f3n y voluntad de los censistas, que hicieron todo lo posible por llegar a los sitios y realizar el censo. El pich\u00f3n nacido en Tupungato ya cumpli\u00f3 6 meses de edad y durante este censo fue observado en excelente estado. Comenz\u00f3 a explorar las zonas cercanas al nido siempre acompa\u00f1ado de sus padres. Adem\u00e1s, se registr\u00f3 en este sitio un mayor n\u00famero de c\u00f3ndores utilizando el dormidero en comparaci\u00f3n con el censo anterior. Esto indica que el sitio est\u00e1 siendo utilizado nuevamente por los c\u00f3ndores de la zona como dormidero, y es un dato alentador que destaca la importancia del sitio como condorera comunal y como nido.<\/span><\/p>\n<p><span style=\"color: #000000;\">Como se viene observando en los censos anteriores, el oto\u00f1o resulta ser la estaci\u00f3n con menos cantidad de registros. En este sentido, los datos hallados en este \u00faltimo censo coinciden con esta generalidad. Por otra parte, lo hallado en este censo result\u00f3 muy similar al anterior censo de oto\u00f1o en cuanto los patrones observados durante la jornada. Sin embargo, se obtuvieron mayor cantidad de registros en este \u00faltimo censo. No se registr\u00f3 ning\u00fan c\u00f3ndor durante toda la jornada en 4 puestos de observaci\u00f3n: Uspallata, Los Oscuros, Ca\u00f1\u00f3n del Atuel y Horcones. En estos sitios se han registrado c\u00f3ndores en los censos anteriores. En el caso de Los Oscuros, que es dormidero, este dato resulta interesante, ya que se espera que los dormideros comunales sean usados por varios individuos. Los futuros monitoreos en estos sitios permitir\u00e1n explorar un poco m\u00e1s estas din\u00e1micas.<\/span><\/p>\n<p><span style=\"color: #000000;\">Si bien los puntos de observaci\u00f3n (PO) pueden variar entre censos, parece no ser un factor que influya demasiado en los resultados de los \u00edndices. Es probable que, en cambio, la inclusi\u00f3n de ciertos sitios espec\u00edficos s\u00ed sea un factor influyente en los n\u00fameros que se obtienen. Por esto, resulta necesario hacer una evaluaci\u00f3n de los registros de cada PO en los distintos censos para identificar posibles disminuciones y sitios importantes que podr\u00edan estar aportando gran cantidad de individuos. En este censo, implementamos el uso de la\u00a0<em>App Survey123<\/em>\u00a0c\u00f3mo \u00fanico m\u00e9todo para la toma de datos. Esto permite que la informaci\u00f3n llegue r\u00e1pidamente para ser analizada. Merece destacarse que es necesario que todos los censistas incorporen el uso de la\u00a0<em>app,\u00a0<\/em>ya que har\u00e1 m\u00e1s eficiente la toma de datos, el env\u00edo de la informaci\u00f3n y los an\u00e1lisis posteriores. Esperamos que los monitoreos en las ANP y AICCA de Mendoza contin\u00faen para seguir explorando la din\u00e1mica de la poblaci\u00f3n de c\u00f3ndores en esta provincia. Estos datos, junto con los censos realizados en la provincia de Jujuy, est\u00e1n contribuyendo a validar los modelos espaciales que existen y permitir\u00e1 construir modelos de estimaci\u00f3n poblacional. A su vez, m\u00e1s provincias suman su inter\u00e9s en realizar los censos en sus \u00e1reas protegidas, lo que sin dudas contribuir\u00e1 a un mayor conocimiento del estado de las poblaciones de c\u00f3ndor andino y del uso que realizan del ambiente.<\/span><\/p>\n<p><span style=\"color: #000000;\">Las observaciones se realizaron en un total de 11 puntos de observaci\u00f3n, de los cuales 8 son \u00e1reas de vuelo y 3 son dormideros comunales , de los cuales uno es adem\u00e1s un nido hallado en el 13\u00b0 censo en el Parque Provincial Tupungato. La mayor cantidad de puntos de observaci\u00f3n estuvieron en la zona Noroeste de la provincia y no se pudo realizar el censo en los puntos del Sur que habitualmente participan EN los censos. A continuaci\u00f3n, se detallan los puestos de observaci\u00f3n:<\/span><\/p>\n<ul>\n<li><strong><span style=\"color: #000000;\">Usina 3<\/span><\/strong><\/li>\n<li><strong><span style=\"color: #000000;\">Reserva Paisaj\u00edstica Natural y Cultural Manzano Hist\u00f3rico.<\/span><\/strong><\/li>\n<li><strong><span style=\"color: #000000;\">Parque Provincial Tupungato.<\/span><\/strong><\/li>\n<li><strong><span style=\"color: #000000;\">Puesto Pulverenti.<\/span><\/strong><\/li>\n<li><strong><span style=\"color: #000000;\">Cerro Arenales.<\/span><\/strong><\/li>\n<li><strong><span style=\"color: #000000;\">Uspallata.<\/span><\/strong><\/li>\n<li><strong><span style=\"color: #000000;\">Yaucha.<\/span><\/strong><\/li>\n<li><strong><span style=\"color: #000000;\">Parque Provincial Aconcagua, Punta Vacas.<\/span><\/strong><\/li>\n<li><strong><span style=\"color: #000000;\">Los oscuros.<\/span><\/strong><\/li>\n<li><strong><span style=\"color: #000000;\">Parque Provincial Aconcagua, Horcones.<\/span><\/strong><\/li>\n<li><strong><span style=\"color: #000000;\">Ca\u00f1on del Atuel<\/span><\/strong><\/li>\n<\/ul>\n<p><span style=\"color: #000000;\">El total de participantes en el Censo fue de 30 personas. Como instituciones invitadas, colaboran Ecoparque de la provincia de Mendoza, Ecoparque de la Ciudad de Buenos Aires, Reserva Natural Villavicencio, Fundaci\u00f3n Cullunche y Fundaci\u00f3n SOS Acci\u00f3n Salvaje.<\/span><\/p>\n<p><img decoding=\"async\" src=\"https:\/\/www.mendoza.gov.ar\/wp-content\/uploads\/sites\/5\/2024\/08\/WhatsApp-Image-2024-08-12-at-14.27.12-5-700x525.jpeg\" \/><\/p>\n<h2><span style=\"color: #000000;\"><strong>El Programa de Conservaci\u00f3n del C\u00f3ndor Andino<\/strong><\/span><\/h2>\n<p><span style=\"color: #000000;\">El Programa de Conservaci\u00f3n del C\u00f3ndor Andino (PCCA) tiene como objetivos optimizar la cr\u00eda, el rescate y la rehabilitaci\u00f3n de c\u00f3ndores andinos (<em>Vultur gryphus<\/em>) para derivar los ejemplares a planes de conservaci\u00f3n\u00a0<em>ex situ<\/em>\u00a0e\u00a0<em>in situ<\/em>\u00a0de la especie. Esto, con la finalidad de contribuir a la conservaci\u00f3n de biodiversidad y el equilibrio ecol\u00f3gico, implementar un plan cultural, educativo y de difusi\u00f3n para consolidar los alcances y resultados del PCCA, que permita generar un cambio en la comunidad. Debe estar basado en la valoraci\u00f3n de todas las formas de vida y el respeto hacia las tradiciones milenarias y fomentar la capacitaci\u00f3n de voluntarios, nacionales y extranjeros, estudiantes y profesionales. Esto, para asegurar la funcionalidad del programa, potenciar sus resultados y favorecer el intercambio t\u00e9cnico, asegurando el desarrollo cient\u00edfico y la formaci\u00f3n acad\u00e9mica asociada a la conservaci\u00f3n de biodiversidad, entre otros objetivos.<\/span><\/p>\n<p><strong><span style=\"color: #000000;\">El Ministerio de Energ\u00eda y Ambiente recuerda que el c\u00f3ndor andino, as\u00ed como toda la fauna silvestre de la provincia de Mendoza, est\u00e1 protegido por la Ley Nacional de Fauna 22421, la Ley Provincial de adhesi\u00f3n 4602, su modificatoria la Ley 7308 y el Decreto Reglamentario 1890\/05.<\/span><\/strong><\/p>\n<p><span style=\"color: #000000;\">Quienes deseen brindar informaci\u00f3n sobre ejemplares de fauna silvestre heridos o denunciar casos de caza o tenencia ilegal pueden hacerlo a trav\u00e9s del portal de p\u00e1gina oficial del Ministerio de Energ\u00eda y Ambiente (marcador Denuncias) o al correo<span style=\"color: #0000ff;\">\u00a0<a style=\"color: #0000ff;\" href=\"mailto:fauna-drnr@mendoza.gov.ar\">fauna-drnr@mendoza.gov.ar<\/a>.<\/span><\/span><\/p>\n<p><strong><span style=\"color: #000000;\">Tambi\u00e9n pueden comunicarse telef\u00f3nicamente la Direcci\u00f3n de Biodiversidad al 261 5182481 al 261 3853400; Interno Fauna Silvestre:<\/span><\/strong><br \/>\n<strong><span style=\"color: #000000;\">3411, de 8 a 13 o al 911 Polic\u00eda de Seguridad Rural de Mendoza.<\/span><\/strong><\/p>\n<p><span style=\"color: #000000;\"><strong>La captura, tenencia ilegal y comercializaci\u00f3n de fauna est\u00e1 penada por la legislaci\u00f3n, como tambi\u00e9n la destrucci\u00f3n de sus h\u00e1bitats, nidos, huevos y cr\u00edas.<\/strong> El presunto infractor queda a disposici\u00f3n de la Justicia y podr\u00e1 ser reprimido con penas hasta de prisi\u00f3n.<\/span><\/p>\n","protected":false},"excerpt":{"rendered":"<p>Comienza en la Red de \u00c1reas Naturales Protegidas de la Provincia de Mendoza, declaradas Santuarios del C\u00f3ndor para la Conservaci\u00f3n de &#8230;<\/p>\n","protected":false},"author":7,"featured_media":138379,"comment_status":"open","ping_status":"open","sticky":false,"template":"","format":"standard","meta":{"footnotes":""},"categories":[5,10],"tags":[],"class_list":["post-138378","post","type-post","status-publish","format-standard","has-post-thumbnail","hentry","category-actualidad","category-destacadas"],"_links":{"self":[{"href":"https:\/\/vinasfm.com\/noticias\/wp-json\/wp\/v2\/posts\/138378","targetHints":{"allow":["GET"]}}],"collection":[{"href":"https:\/\/vinasfm.com\/noticias\/wp-json\/wp\/v2\/posts"}],"about":[{"href":"https:\/\/vinasfm.com\/noticias\/wp-json\/wp\/v2\/types\/post"}],"author":[{"embeddable":true,"href":"https:\/\/vinasfm.com\/noticias\/wp-json\/wp\/v2\/users\/7"}],"replies":[{"embeddable":true,"href":"https:\/\/vinasfm.com\/noticias\/wp-json\/wp\/v2\/comments?post=138378"}],"version-history":[{"count":1,"href":"https:\/\/vinasfm.com\/noticias\/wp-json\/wp\/v2\/posts\/138378\/revisions"}],"predecessor-version":[{"id":138380,"href":"https:\/\/vinasfm.com\/noticias\/wp-json\/wp\/v2\/posts\/138378\/revisions\/138380"}],"wp:featuredmedia":[{"embeddable":true,"href":"https:\/\/vinasfm.com\/noticias\/wp-json\/wp\/v2\/media\/138379"}],"wp:attachment":[{"href":"https:\/\/vinasfm.com\/noticias\/wp-json\/wp\/v2\/media?parent=138378"}],"wp:term":[{"taxonomy":"category","embeddable":true,"href":"https:\/\/vinasfm.com\/noticias\/wp-json\/wp\/v2\/categories?post=138378"},{"taxonomy":"post_tag","embeddable":true,"href":"https:\/\/vinasfm.com\/noticias\/wp-json\/wp\/v2\/tags?post=138378"}],"curies":[{"name":"wp","href":"https:\/\/api.w.org\/{rel}","templated":true}]}}