{"id":138291,"date":"2024-08-09T18:10:36","date_gmt":"2024-08-09T21:10:36","guid":{"rendered":"https:\/\/vinasfm.com\/noticias\/?p=138291"},"modified":"2024-08-12T08:03:14","modified_gmt":"2024-08-12T11:03:14","slug":"la-reflexion-de-molero-por-los-110-anos-de-alvear-es-momento-de-reunirnos-y-darnos-esperanzas","status":"publish","type":"post","link":"https:\/\/vinasfm.com\/noticias\/la-reflexion-de-molero-por-los-110-anos-de-alvear-es-momento-de-reunirnos-y-darnos-esperanzas\/","title":{"rendered":"LA REFLEXI\u00d3N DE MOLERO POR LOS 110 A\u00d1OS DE ALVEAR: \u00abES MOMENTO DE REUNIRNOS Y DARNOS ESPERANZAS\u00bb"},"content":{"rendered":"<h4><span style=\"color: #000000;\">Cada 12 de agosto, General Alvear celebra un nuevo aniversario, recordando la historia del departamento y sus vecinos.<\/span><\/h4>\n<p><span style=\"color: #000000;\">Los alvearenses transitan un mes cargado de actividades, en el marco de 110\u00b0 aniversario del departamento. De cara al tradicional desfile y al Acto Oficial, el <strong>Sr. Intendente habl\u00f3 en exclusiva para <span style=\"color: #800080;\">FM VI\u00d1AS<\/span><\/strong> y se\u00f1al\u00f3 que <em><strong>\u201ces el momento ideal para que los vecinos nos encontremos, nos abracemos y demos esperanza\u201d.<\/strong><\/em><\/span><\/p>\n<p><span style=\"color: #000000;\">Sin intenci\u00f3n de realizar un an\u00e1lisis pol\u00edtico, el mandatario destac\u00f3 el enorme crecimiento departamental. \u201c<em><strong>El pa\u00eds est\u00e1 inmerso en un momento muy dif\u00edcil, desde inseguridad hasta en la econom\u00eda. Desde el Municipio venimos haciendo un esfuerzo enorme para trabajando para la comunidad. Si bien la educaci\u00f3n, seguridad y salud no son responsabilidad del Municipio, hemos tomado la decisi\u00f3n de avanzar decididamente de avanzar sobre estas tem\u00e1ticas\u201d.<\/strong><\/em><\/span><\/p>\n<p><span style=\"color: #000000;\">En ese contexto, <strong><span style=\"color: #003366;\">Molero<\/span><\/strong> anunci\u00f3 el <em><strong>\u201cllamado a licitaci\u00f3n para la adquisici\u00f3n de c\u00e1maras de monitoreo que ser\u00e1n utilizadas en caminos ganaderos\/rurales de nuestro departamento, para brindar una mayor seguridad\u201d.<\/strong><\/em> As\u00ed mismo, el Jefe Comunal remarc\u00f3 que <em><strong>\u201clas autoridades, sean judiciales o policiales, deben estar a la altura de las necesidades de los alvearenses. Aquel que no tenga claro que queremos vivir en una comunidad pac\u00edfica y ordenada no tendr\u00e1 que pertenecer m\u00e1s a la comunidad de General Alvear\u201d.<\/strong><\/em><\/span><\/p>\n<p><a href=\"https:\/\/vinasfm.com\/noticias\/wp-content\/uploads\/2024\/08\/FB_IMG_1723237545894.jpg\"><img loading=\"lazy\" decoding=\"async\" class=\"alignnone size-medium wp-image-138294\" src=\"https:\/\/vinasfm.com\/noticias\/wp-content\/uploads\/2024\/08\/FB_IMG_1723237545894-300x300.jpg\" alt=\"\" width=\"300\" height=\"300\" srcset=\"https:\/\/vinasfm.com\/noticias\/wp-content\/uploads\/2024\/08\/FB_IMG_1723237545894-300x300.jpg 300w, https:\/\/vinasfm.com\/noticias\/wp-content\/uploads\/2024\/08\/FB_IMG_1723237545894-150x150.jpg 150w, https:\/\/vinasfm.com\/noticias\/wp-content\/uploads\/2024\/08\/FB_IMG_1723237545894-360x360.jpg 360w, https:\/\/vinasfm.com\/noticias\/wp-content\/uploads\/2024\/08\/FB_IMG_1723237545894.jpg 720w\" sizes=\"auto, (max-width: 300px) 100vw, 300px\" \/><\/a><\/p>\n<h6>El Sr. Intendente Alejandro Molero en el Acto de Asunci\u00f3n, diciembre 2023<\/h6>\n<p><span style=\"color: #000000;\">Con 8 meses de gesti\u00f3n municipal, Alejandro Molero ha logrado con los proyectos programados. <em><strong>\u201cA inicio de nuestra gesti\u00f3n nos comprometimos en trabajar, durante nuestro primer a\u00f1o, en mejorar la calidad de vida de los vecinos; estamos haciendo un gran avance\u201d.<\/strong><\/em> En lo que va del 2024 e<em>l Municipio ha realizado numerosas tareas de limpieza, urbanizaci\u00f3n, colocaci\u00f3n de luminaria LED, asfaltado y obras de infraestructura como lo es el B\u00b0 Vi\u00f1as del Oeste y el Campus Universitario de UGACOOP.<\/em><\/span><\/p>\n<p><span style=\"color: #000000;\"><em><strong>\u201cUno de los reclamos fuertes era la necesidad de fuentes de trabajo dentro del departamento. En poco tiempo hemos logrado radicar en General Alvear 3 empresas que van a generar al menos 100 puestos de trabajo para los alvearenses\u201d<\/strong><\/em>, expuso el Mandatario.<\/span><\/p>\n<p><span style=\"color: #000000;\">En di\u00e1logo con <span style=\"color: #003366;\"><strong>Claudio Lemos <\/strong><\/span><span style=\"color: #800080;\">(FM VI\u00d1AS)<\/span>, Molero manifest\u00f3 que<em><strong> \u201cen este periodo\u00a0 nos hemos enfrentado a tem\u00e1ticas que no estaban programadas, mucho menos las ten\u00edamos dentro de nuestro radar pol\u00edtico. Fue necesario tomar decisiones r\u00e1pidas que demandan un esfuerzo adicional\u201d.<\/strong> <\/em>Uno de los temas m\u00e1s relevantes fue el levantamiento de Lucha Antigranizo por parte del Gobierno Provincial y el pedido de su reactivaci\u00f3n que surgi\u00f3 en el Sur mendocino por iniciativa del Intendente Alvearense; <em><strong>\u201ctodo lo que afrontemos como gesti\u00f3n lo hacemos porque estamos convencidos de que tiene que ser as\u00ed y, una vez que reconocemos que es el camino a seguir, lo vamos a afrontar con mucho coraje y sobre todo con decisi\u00f3n pol\u00edtica\u201d.<\/strong><\/em><\/span><\/p>\n","protected":false},"excerpt":{"rendered":"<p>Cada 12 de agosto, General Alvear celebra un nuevo aniversario, recordando la historia del departamento y sus vecinos. Los alvearenses transitan &#8230;<\/p>\n","protected":false},"author":7,"featured_media":138293,"comment_status":"open","ping_status":"open","sticky":false,"template":"","format":"standard","meta":{"footnotes":""},"categories":[5,10],"tags":[],"class_list":["post-138291","post","type-post","status-publish","format-standard","has-post-thumbnail","hentry","category-actualidad","category-destacadas"],"_links":{"self":[{"href":"https:\/\/vinasfm.com\/noticias\/wp-json\/wp\/v2\/posts\/138291","targetHints":{"allow":["GET"]}}],"collection":[{"href":"https:\/\/vinasfm.com\/noticias\/wp-json\/wp\/v2\/posts"}],"about":[{"href":"https:\/\/vinasfm.com\/noticias\/wp-json\/wp\/v2\/types\/post"}],"author":[{"embeddable":true,"href":"https:\/\/vinasfm.com\/noticias\/wp-json\/wp\/v2\/users\/7"}],"replies":[{"embeddable":true,"href":"https:\/\/vinasfm.com\/noticias\/wp-json\/wp\/v2\/comments?post=138291"}],"version-history":[{"count":2,"href":"https:\/\/vinasfm.com\/noticias\/wp-json\/wp\/v2\/posts\/138291\/revisions"}],"predecessor-version":[{"id":138295,"href":"https:\/\/vinasfm.com\/noticias\/wp-json\/wp\/v2\/posts\/138291\/revisions\/138295"}],"wp:featuredmedia":[{"embeddable":true,"href":"https:\/\/vinasfm.com\/noticias\/wp-json\/wp\/v2\/media\/138293"}],"wp:attachment":[{"href":"https:\/\/vinasfm.com\/noticias\/wp-json\/wp\/v2\/media?parent=138291"}],"wp:term":[{"taxonomy":"category","embeddable":true,"href":"https:\/\/vinasfm.com\/noticias\/wp-json\/wp\/v2\/categories?post=138291"},{"taxonomy":"post_tag","embeddable":true,"href":"https:\/\/vinasfm.com\/noticias\/wp-json\/wp\/v2\/tags?post=138291"}],"curies":[{"name":"wp","href":"https:\/\/api.w.org\/{rel}","templated":true}]}}