{"id":138279,"date":"2024-08-09T10:28:12","date_gmt":"2024-08-09T13:28:12","guid":{"rendered":"https:\/\/vinasfm.com\/noticias\/?p=138279"},"modified":"2024-08-12T08:03:59","modified_gmt":"2024-08-12T11:03:59","slug":"caso-aguilar-importante-audiencia-para-el-futuro-de-la-causa","status":"publish","type":"post","link":"https:\/\/vinasfm.com\/noticias\/caso-aguilar-importante-audiencia-para-el-futuro-de-la-causa\/","title":{"rendered":"CASO AGUILAR: IMPORTANTE AUDIENCIA PARA EL FUTURO DE LA CAUSA"},"content":{"rendered":"<h4><span style=\"color: #000000;\">Una importante audiencia se llevar\u00e1 a cabo hoy, en los tribunales locales, en el marco de la causa en que se investiga el homicidio del jubilado cordob\u00e9s H\u00e9ctor Dionisio Aguilar, ocurrido el a\u00f1o pasado en nuestro departamento.<\/span><\/h4>\n<p><span style=\"color: #000000;\">Desde las 08:00 horas, la jueza Mar\u00eda Laura Vera define la oposici\u00f3n que hizo la defensa del \u00fanico acusado, Brian \u201cGato\u201d R\u00edos, al pedido de elevaci\u00f3n a juicio que realizara oportunamente el fiscal de la causa, Javier Giaroli.<\/span><\/p>\n<h2><span style=\"color: #000000;\">Las dos teor\u00edas<\/span><\/h2>\n<p><span style=\"color: #000000;\">Tras la etapa investigativa preparatoria, Giaroli acus\u00f3 al sanrafaelino de un homicidio agravado en concurso con estafa y robo agravado. Ante ello, la defensa del imputado recurri\u00f3 ese pedido. La intenci\u00f3n de los defensores es cambiar la calificaci\u00f3n del hecho y llevarla a la de <em><strong>\u201ctentativa de homicidio criminis causa\u201d<\/strong><\/em> u <em><strong>\u201chomicidio culposo por imprudencia\u201d.<\/strong><\/em> Esta diferencia es sustancial, puesto que con la acusaci\u00f3n de Giaroli,<strong> el \u201cGato\u201d R\u00edos enfrentar\u00eda un juicio por jurados populares mientras que, con la teor\u00eda de la defensa, no.<\/strong> Adem\u00e1s, en el primer caso se arriesga una pena de prisi\u00f3n perpetua, mientras que en la segunda ser\u00eda sustancialmente menor. Incluso, fuentes cercanas al expediente estimaron que la defensa propondr\u00eda a la fiscal\u00eda la realizaci\u00f3n de un juicio abreviado a cambio de una pena de poco m\u00e1s de 20 a\u00f1os.<\/span><\/p>\n<p><span style=\"color: #000000;\">Por su parte, la querella \u2013representante de los intereses de la v\u00edctima y de su familia- ya expres\u00f3 que la intenci\u00f3n es que R\u00edos contin\u00fae imputado de los delitos de homicidio criminis causa (para esconder otro delito) y agravado por alevos\u00eda, adem\u00e1s de estafa y robo agravado.<\/span><\/p>\n<p><span style=\"color: #000000;\">Planteada la oposici\u00f3n de la defensa, la jueza Vera ya escuch\u00f3 a las partes y pas\u00f3 a un cuarto intermedio hasta hoy, cuando definir\u00e1 qu\u00e9 postura prospera para acusar a R\u00edos.<\/span><br \/>\n<span style=\"color: #000000;\">Puede haber m\u00e1s instancias<\/span><\/p>\n<p><span style=\"color: #000000;\">No obstante, la decisi\u00f3n de hoy de la magistrada tambi\u00e9n podr\u00e1 ser recurrida, por lo que es probable que este paso no sea e definitivo antes del debate contra el presunto autor de uno de los cr\u00edmenes m\u00e1s conmocionantes de los \u00faltimos a\u00f1os en San Rafael.<\/span><\/p>\n","protected":false},"excerpt":{"rendered":"<p>Una importante audiencia se llevar\u00e1 a cabo hoy, en los tribunales locales, en el marco de la causa en que se &#8230;<\/p>\n","protected":false},"author":7,"featured_media":138280,"comment_status":"open","ping_status":"open","sticky":false,"template":"","format":"standard","meta":{"footnotes":""},"categories":[5,4],"tags":[],"class_list":["post-138279","post","type-post","status-publish","format-standard","has-post-thumbnail","hentry","category-actualidad","category-policiales"],"_links":{"self":[{"href":"https:\/\/vinasfm.com\/noticias\/wp-json\/wp\/v2\/posts\/138279","targetHints":{"allow":["GET"]}}],"collection":[{"href":"https:\/\/vinasfm.com\/noticias\/wp-json\/wp\/v2\/posts"}],"about":[{"href":"https:\/\/vinasfm.com\/noticias\/wp-json\/wp\/v2\/types\/post"}],"author":[{"embeddable":true,"href":"https:\/\/vinasfm.com\/noticias\/wp-json\/wp\/v2\/users\/7"}],"replies":[{"embeddable":true,"href":"https:\/\/vinasfm.com\/noticias\/wp-json\/wp\/v2\/comments?post=138279"}],"version-history":[{"count":3,"href":"https:\/\/vinasfm.com\/noticias\/wp-json\/wp\/v2\/posts\/138279\/revisions"}],"predecessor-version":[{"id":138283,"href":"https:\/\/vinasfm.com\/noticias\/wp-json\/wp\/v2\/posts\/138279\/revisions\/138283"}],"wp:featuredmedia":[{"embeddable":true,"href":"https:\/\/vinasfm.com\/noticias\/wp-json\/wp\/v2\/media\/138280"}],"wp:attachment":[{"href":"https:\/\/vinasfm.com\/noticias\/wp-json\/wp\/v2\/media?parent=138279"}],"wp:term":[{"taxonomy":"category","embeddable":true,"href":"https:\/\/vinasfm.com\/noticias\/wp-json\/wp\/v2\/categories?post=138279"},{"taxonomy":"post_tag","embeddable":true,"href":"https:\/\/vinasfm.com\/noticias\/wp-json\/wp\/v2\/tags?post=138279"}],"curies":[{"name":"wp","href":"https:\/\/api.w.org\/{rel}","templated":true}]}}