{"id":138256,"date":"2024-08-09T08:20:50","date_gmt":"2024-08-09T11:20:50","guid":{"rendered":"https:\/\/vinasfm.com\/noticias\/?p=138256"},"modified":"2024-08-10T10:30:35","modified_gmt":"2024-08-10T13:30:35","slug":"embellecen-la-ciudad-de-cara-a-un-nuevo-aniversario-departamental","status":"publish","type":"post","link":"https:\/\/vinasfm.com\/noticias\/embellecen-la-ciudad-de-cara-a-un-nuevo-aniversario-departamental\/","title":{"rendered":"EMBELLECEN LA CIUDAD DE CARA A UN NUEVO ANIVERSARIO DEPARTAMENTAL"},"content":{"rendered":"<h4><span style=\"color: #000000;\">En el marco de la celebraci\u00f3n por los 110 a\u00f1os de General Alvear, se est\u00e1n llevando a cabo trabajos de embellecimiento en todo el departamento. <\/span><\/h4>\n<p><span style=\"color: #000000;\">Todo el personal que integra la Secretar\u00eda de Obras y Servicios P\u00fablicos se encuentra abocado a diversas tareas, que incluyen la pintura de sendas peatonales, el arreglo de fuentes y el mantenimiento de la plaza.<em><strong> \u00abSon trabajos que no se hab\u00edan hecho y nos hemos encontrado con que hab\u00eda mucho para hacer. Por suerte comenzamos con tiempo y vamos a llegar bien para el d\u00eda domingo\u00bb<\/strong><\/em>, expres\u00f3 el <strong>secretario de Obras y Servicios P\u00fablicos, <span style=\"color: #003366;\">Emiliano Barbero.<\/span><\/strong><\/span><\/p>\n<p><span style=\"color: #000000;\">Estas mejoras no solo buscan embellecer el entorno, sino tambi\u00e9n brindar un espacio m\u00e1s seguro y agradable para todos los vecinos. Con este esfuerzo, se busca rendir homenaje a la historia del departamento y fortalecer el sentido de comunidad.<\/span><\/p>\n<p><span style=\"color: #000000;\">Por \u00faltimo, el funcionario invit\u00f3 a todos los residentes a participar en el desfile c\u00edvico-militar que se llevar\u00e1 a cabo el pr\u00f3ximo domingo, que contar\u00e1 con la participaci\u00f3n de m\u00e1s de 200 militares, bandas y escuelas.<strong><em> \u201cEste evento ser\u00e1 una ocasi\u00f3n \u00fanica y especial para celebrar juntos, fortaleciendo los lazos entre los vecinos y conmemorando un hito importante en la historia de General Alvear\u201d<\/em><\/strong>, finaliz\u00f3 Barbero.<\/span><\/p>\n","protected":false},"excerpt":{"rendered":"<p>En el marco de la celebraci\u00f3n por los 110 a\u00f1os de General Alvear, se est\u00e1n llevando a cabo trabajos de embellecimiento &#8230;<\/p>\n","protected":false},"author":7,"featured_media":138259,"comment_status":"open","ping_status":"open","sticky":false,"template":"","format":"standard","meta":{"footnotes":""},"categories":[5,10],"tags":[],"class_list":["post-138256","post","type-post","status-publish","format-standard","has-post-thumbnail","hentry","category-actualidad","category-destacadas"],"_links":{"self":[{"href":"https:\/\/vinasfm.com\/noticias\/wp-json\/wp\/v2\/posts\/138256","targetHints":{"allow":["GET"]}}],"collection":[{"href":"https:\/\/vinasfm.com\/noticias\/wp-json\/wp\/v2\/posts"}],"about":[{"href":"https:\/\/vinasfm.com\/noticias\/wp-json\/wp\/v2\/types\/post"}],"author":[{"embeddable":true,"href":"https:\/\/vinasfm.com\/noticias\/wp-json\/wp\/v2\/users\/7"}],"replies":[{"embeddable":true,"href":"https:\/\/vinasfm.com\/noticias\/wp-json\/wp\/v2\/comments?post=138256"}],"version-history":[{"count":1,"href":"https:\/\/vinasfm.com\/noticias\/wp-json\/wp\/v2\/posts\/138256\/revisions"}],"predecessor-version":[{"id":138260,"href":"https:\/\/vinasfm.com\/noticias\/wp-json\/wp\/v2\/posts\/138256\/revisions\/138260"}],"wp:featuredmedia":[{"embeddable":true,"href":"https:\/\/vinasfm.com\/noticias\/wp-json\/wp\/v2\/media\/138259"}],"wp:attachment":[{"href":"https:\/\/vinasfm.com\/noticias\/wp-json\/wp\/v2\/media?parent=138256"}],"wp:term":[{"taxonomy":"category","embeddable":true,"href":"https:\/\/vinasfm.com\/noticias\/wp-json\/wp\/v2\/categories?post=138256"},{"taxonomy":"post_tag","embeddable":true,"href":"https:\/\/vinasfm.com\/noticias\/wp-json\/wp\/v2\/tags?post=138256"}],"curies":[{"name":"wp","href":"https:\/\/api.w.org\/{rel}","templated":true}]}}