{"id":138244,"date":"2024-08-08T17:24:17","date_gmt":"2024-08-08T20:24:17","guid":{"rendered":"https:\/\/vinasfm.com\/noticias\/?p=138244"},"modified":"2024-08-09T10:29:38","modified_gmt":"2024-08-09T13:29:38","slug":"ley-lucio-es-obligacion-intervenir-para-prevenir-el-maltrato-y-garantizar-los-derechos-de-los-ninos","status":"publish","type":"post","link":"https:\/\/vinasfm.com\/noticias\/ley-lucio-es-obligacion-intervenir-para-prevenir-el-maltrato-y-garantizar-los-derechos-de-los-ninos\/","title":{"rendered":"LEY LUCIO: ES OBLIGACI\u00d3N INTERVENIR PARA PREVENIR EL MALTRATO Y GARANTIZAR LOS DERECHOS DE LOS NI\u00d1OS"},"content":{"rendered":"<h4><span style=\"color: #000000;\">Se realiz\u00f3 en General Alvear una Jornada de Capacitaci\u00f3n y Concientizaci\u00f3n en Perspectiva de la Ni\u00f1ez con la necesidad de incorporar conceptos en lo que se refiere a materia de ni\u00f1as, ni\u00f1os y adolescentes en virtud de las falencias e irregularidades sociales sobre dicho tema.<\/span><\/h4>\n<p><span style=\"color: #000000;\">Siempre la educaci\u00f3n y la concientizaci\u00f3n son los ejes fundamentales y las herramientas para prevenir la violencia, el abuso y el maltrato. <strong>\u201cEs necesario que esta capacitaci\u00f3n la realicen todas las organizaciones, instituciones para prevenir el maltrato a nuestros hijos y garantizar sus derechos. Y tambi\u00e9n se habl\u00f3 sobre la Ley Lucio que se va a empezar a implementar\u201d,<\/strong>\u00a0manifest\u00f3<strong><span style=\"color: #003366;\"> Gabriela Arzel\u00e1n<\/span>, Directora de Familia.<\/strong><\/span><\/p>\n<p><span style=\"color: #000000;\">La ley Lucio precisamente <em><strong>\u201chabla de la obligaci\u00f3n de cada uno de las instituciones p\u00fablicas, privadas, de c\u00f3mo intervenir, que es obligaci\u00f3n intervenir, no es si uno quiere o no quiere, es obligaci\u00f3n de nosotros\u201d<\/strong><\/em>, expres\u00f3 la funcionaria<\/span><span style=\"color: #000000;\">.<\/span><\/p>\n<p><a href=\"https:\/\/vinasfm.com\/noticias\/wp-content\/uploads\/2024\/08\/IMG-20240808-WA0038.jpg\"><img loading=\"lazy\" decoding=\"async\" class=\"alignnone size-medium wp-image-138247\" src=\"https:\/\/vinasfm.com\/noticias\/wp-content\/uploads\/2024\/08\/IMG-20240808-WA0038-300x169.jpg\" alt=\"\" width=\"300\" height=\"169\" srcset=\"https:\/\/vinasfm.com\/noticias\/wp-content\/uploads\/2024\/08\/IMG-20240808-WA0038-300x169.jpg 300w, https:\/\/vinasfm.com\/noticias\/wp-content\/uploads\/2024\/08\/IMG-20240808-WA0038-1024x576.jpg 1024w, https:\/\/vinasfm.com\/noticias\/wp-content\/uploads\/2024\/08\/IMG-20240808-WA0038-768x432.jpg 768w, https:\/\/vinasfm.com\/noticias\/wp-content\/uploads\/2024\/08\/IMG-20240808-WA0038-1536x864.jpg 1536w, https:\/\/vinasfm.com\/noticias\/wp-content\/uploads\/2024\/08\/IMG-20240808-WA0038-750x420.jpg 750w, https:\/\/vinasfm.com\/noticias\/wp-content\/uploads\/2024\/08\/IMG-20240808-WA0038-1140x641.jpg 1140w, https:\/\/vinasfm.com\/noticias\/wp-content\/uploads\/2024\/08\/IMG-20240808-WA0038.jpg 1600w\" sizes=\"auto, (max-width: 300px) 100vw, 300px\" \/><\/a> <a href=\"https:\/\/vinasfm.com\/noticias\/wp-content\/uploads\/2024\/08\/IMG-20240808-WA0045.jpg\"><img loading=\"lazy\" decoding=\"async\" class=\"alignnone size-medium wp-image-138248\" src=\"https:\/\/vinasfm.com\/noticias\/wp-content\/uploads\/2024\/08\/IMG-20240808-WA0045-300x169.jpg\" alt=\"\" width=\"300\" height=\"169\" srcset=\"https:\/\/vinasfm.com\/noticias\/wp-content\/uploads\/2024\/08\/IMG-20240808-WA0045-300x169.jpg 300w, https:\/\/vinasfm.com\/noticias\/wp-content\/uploads\/2024\/08\/IMG-20240808-WA0045-1024x576.jpg 1024w, https:\/\/vinasfm.com\/noticias\/wp-content\/uploads\/2024\/08\/IMG-20240808-WA0045-768x432.jpg 768w, https:\/\/vinasfm.com\/noticias\/wp-content\/uploads\/2024\/08\/IMG-20240808-WA0045-1536x864.jpg 1536w, https:\/\/vinasfm.com\/noticias\/wp-content\/uploads\/2024\/08\/IMG-20240808-WA0045-750x420.jpg 750w, https:\/\/vinasfm.com\/noticias\/wp-content\/uploads\/2024\/08\/IMG-20240808-WA0045-1140x641.jpg 1140w, https:\/\/vinasfm.com\/noticias\/wp-content\/uploads\/2024\/08\/IMG-20240808-WA0045.jpg 1600w\" sizes=\"auto, (max-width: 300px) 100vw, 300px\" \/><\/a><\/p>\n<h6>Los abuelos de Lucio Dupuy fueron parte de la Jornada de Capacitaci\u00f3n y Concientizaci\u00f3n en Perspectiva de la Ni\u00f1ez<\/h6>\n<p><span style=\"color: #000000;\">De esta importante jornada participaron los abuelos de Lucio Dupuy <em><strong>\u201cestas capacitaciones sirven para visibilizar la problem\u00e1tica que hay con la ni\u00f1ez en Argentina. En el caso de Lucio fall\u00f3 todo el Estado completo. Fall\u00f3 la salud, la educaci\u00f3n, la justicia, tambi\u00e9n fall\u00f3 la polic\u00eda, auxiliar de la justicia, fallaron todos en completo, en conjunto, por no saber escuchar y por manejarse con sus propias ideolog\u00edas\u201d<\/strong><\/em><\/span><\/p>\n<p><span style=\"color: #000000;\"><em><strong>\u00abLuego de miles de viajes a Buenos Aires, logramos que al final se cierre la grieta en los pol\u00edticos y vean la perspectiva de la ni\u00f1ez. Nuestro dolor lo transformamos en lucha y la lucha en salvaci\u00f3n y lo estamos logrando\u201d<\/strong><\/em>, expres\u00f3 finalmente Ram\u00f3n Dupuy, abuelo de Lucio.<\/span><\/p>\n<p><a href=\"https:\/\/vinasfm.com\/noticias\/wp-content\/uploads\/2024\/08\/IMG-20240808-WA0050.jpg\"><img loading=\"lazy\" decoding=\"async\" class=\"alignnone size-medium wp-image-138249\" src=\"https:\/\/vinasfm.com\/noticias\/wp-content\/uploads\/2024\/08\/IMG-20240808-WA0050-300x169.jpg\" alt=\"\" width=\"300\" height=\"169\" srcset=\"https:\/\/vinasfm.com\/noticias\/wp-content\/uploads\/2024\/08\/IMG-20240808-WA0050-300x169.jpg 300w, https:\/\/vinasfm.com\/noticias\/wp-content\/uploads\/2024\/08\/IMG-20240808-WA0050-1024x576.jpg 1024w, https:\/\/vinasfm.com\/noticias\/wp-content\/uploads\/2024\/08\/IMG-20240808-WA0050-768x432.jpg 768w, https:\/\/vinasfm.com\/noticias\/wp-content\/uploads\/2024\/08\/IMG-20240808-WA0050-1536x864.jpg 1536w, https:\/\/vinasfm.com\/noticias\/wp-content\/uploads\/2024\/08\/IMG-20240808-WA0050-750x420.jpg 750w, https:\/\/vinasfm.com\/noticias\/wp-content\/uploads\/2024\/08\/IMG-20240808-WA0050-1140x641.jpg 1140w, https:\/\/vinasfm.com\/noticias\/wp-content\/uploads\/2024\/08\/IMG-20240808-WA0050.jpg 1600w\" sizes=\"auto, (max-width: 300px) 100vw, 300px\" \/><\/a> <a href=\"https:\/\/vinasfm.com\/noticias\/wp-content\/uploads\/2024\/08\/IMG-20240808-WA0054.jpg\"><img loading=\"lazy\" decoding=\"async\" class=\"alignnone size-medium wp-image-138250\" src=\"https:\/\/vinasfm.com\/noticias\/wp-content\/uploads\/2024\/08\/IMG-20240808-WA0054-300x169.jpg\" alt=\"\" width=\"300\" height=\"169\" srcset=\"https:\/\/vinasfm.com\/noticias\/wp-content\/uploads\/2024\/08\/IMG-20240808-WA0054-300x169.jpg 300w, https:\/\/vinasfm.com\/noticias\/wp-content\/uploads\/2024\/08\/IMG-20240808-WA0054-1024x576.jpg 1024w, https:\/\/vinasfm.com\/noticias\/wp-content\/uploads\/2024\/08\/IMG-20240808-WA0054-768x432.jpg 768w, https:\/\/vinasfm.com\/noticias\/wp-content\/uploads\/2024\/08\/IMG-20240808-WA0054-1536x864.jpg 1536w, https:\/\/vinasfm.com\/noticias\/wp-content\/uploads\/2024\/08\/IMG-20240808-WA0054-750x420.jpg 750w, https:\/\/vinasfm.com\/noticias\/wp-content\/uploads\/2024\/08\/IMG-20240808-WA0054-1140x641.jpg 1140w, https:\/\/vinasfm.com\/noticias\/wp-content\/uploads\/2024\/08\/IMG-20240808-WA0054.jpg 1600w\" sizes=\"auto, (max-width: 300px) 100vw, 300px\" \/><\/a><\/p>\n","protected":false},"excerpt":{"rendered":"<p>Se realiz\u00f3 en General Alvear una Jornada de Capacitaci\u00f3n y Concientizaci\u00f3n en Perspectiva de la Ni\u00f1ez con la necesidad de incorporar &#8230;<\/p>\n","protected":false},"author":7,"featured_media":138246,"comment_status":"open","ping_status":"open","sticky":false,"template":"","format":"standard","meta":{"footnotes":""},"categories":[5,11],"tags":[],"class_list":["post-138244","post","type-post","status-publish","format-standard","has-post-thumbnail","hentry","category-actualidad","category-sociales"],"_links":{"self":[{"href":"https:\/\/vinasfm.com\/noticias\/wp-json\/wp\/v2\/posts\/138244","targetHints":{"allow":["GET"]}}],"collection":[{"href":"https:\/\/vinasfm.com\/noticias\/wp-json\/wp\/v2\/posts"}],"about":[{"href":"https:\/\/vinasfm.com\/noticias\/wp-json\/wp\/v2\/types\/post"}],"author":[{"embeddable":true,"href":"https:\/\/vinasfm.com\/noticias\/wp-json\/wp\/v2\/users\/7"}],"replies":[{"embeddable":true,"href":"https:\/\/vinasfm.com\/noticias\/wp-json\/wp\/v2\/comments?post=138244"}],"version-history":[{"count":2,"href":"https:\/\/vinasfm.com\/noticias\/wp-json\/wp\/v2\/posts\/138244\/revisions"}],"predecessor-version":[{"id":138251,"href":"https:\/\/vinasfm.com\/noticias\/wp-json\/wp\/v2\/posts\/138244\/revisions\/138251"}],"wp:featuredmedia":[{"embeddable":true,"href":"https:\/\/vinasfm.com\/noticias\/wp-json\/wp\/v2\/media\/138246"}],"wp:attachment":[{"href":"https:\/\/vinasfm.com\/noticias\/wp-json\/wp\/v2\/media?parent=138244"}],"wp:term":[{"taxonomy":"category","embeddable":true,"href":"https:\/\/vinasfm.com\/noticias\/wp-json\/wp\/v2\/categories?post=138244"},{"taxonomy":"post_tag","embeddable":true,"href":"https:\/\/vinasfm.com\/noticias\/wp-json\/wp\/v2\/tags?post=138244"}],"curies":[{"name":"wp","href":"https:\/\/api.w.org\/{rel}","templated":true}]}}