{"id":138238,"date":"2024-08-08T12:10:31","date_gmt":"2024-08-08T15:10:31","guid":{"rendered":"https:\/\/vinasfm.com\/noticias\/?p=138238"},"modified":"2024-08-09T09:47:34","modified_gmt":"2024-08-09T12:47:34","slug":"el-rotary-club-satelite-general-alvear-reflota-para-ponerse-al-servicio-de-la-comunidad","status":"publish","type":"post","link":"https:\/\/vinasfm.com\/noticias\/el-rotary-club-satelite-general-alvear-reflota-para-ponerse-al-servicio-de-la-comunidad\/","title":{"rendered":"EL ROTARY CLUB SAT\u00c9LITE GENERAL ALVEAR REFLOTA PARA PONERSE AL SERVICIO DE LA COMUNIDAD"},"content":{"rendered":"<h4><span style=\"color: #000000;\">Este s\u00e1bado se har\u00e1 entrega de la carta constitutiva de la nueva comisi\u00f3n, adem\u00e1s de entregar insignia a los nuevos rotarios de General Alvear.<\/span><\/h4>\n<p><span style=\"color: #000000;\">Constituido por vecinos dispuestos a ayudar a la comunidad, el <em><span style=\"color: #0000ff;\">Rotary Club Sat\u00e9lite General<\/span><\/em> Alvear volvi\u00f3 acompa\u00f1ado de una nueva comisi\u00f3n. <strong><span style=\"color: #003366;\">Hebe Katzer<\/span>, presidente del Rotary<\/strong> local se\u00f1al\u00f3 que <strong><em>\u201cla intenci\u00f3n es volver a reflotar esta importante instituci\u00f3n que hist\u00f3ricamente estuvo al servicio de la comunidad. La vida se encarga de reunirnos cuando uno tiene ganas de trabajar por el departamento\u201d.<\/em><\/strong><\/span><\/p>\n<p><span style=\"color: #000000;\">\u00a0Para alcanzar este objetivo, la comisi\u00f3n del <span style=\"color: #0000ff;\"><em>Rotary Club Sat\u00e9lite General Alvear<\/em><\/span> elabor\u00f3 un formulario de los nuevos rotarios, por lo que este s\u00e1bado, <strong>10 de agosto en Casa Salonia<\/strong>, se realizar\u00e1 el acto de entrega de la carta constitutiva de la nueva comisi\u00f3n a insignia a los nuevos miembros. Este evento contar\u00e1 con la presencia de <strong><span style=\"color: #003366;\">Griselda Rold\u00e1n<\/span>, Gobernadora de Distrito Electa perteneciente al RC San Rafael<\/strong>, adem\u00e1s de otras autoridades de los dem\u00e1s departamentos.<\/span><\/p>\n<p><a href=\"https:\/\/vinasfm.com\/noticias\/wp-content\/uploads\/2024\/08\/IMG-20240807-WA0059.jpg\"><img loading=\"lazy\" decoding=\"async\" class=\"alignnone size-medium wp-image-138242\" src=\"https:\/\/vinasfm.com\/noticias\/wp-content\/uploads\/2024\/08\/IMG-20240807-WA0059-300x300.jpg\" alt=\"\" width=\"300\" height=\"300\" srcset=\"https:\/\/vinasfm.com\/noticias\/wp-content\/uploads\/2024\/08\/IMG-20240807-WA0059-300x300.jpg 300w, https:\/\/vinasfm.com\/noticias\/wp-content\/uploads\/2024\/08\/IMG-20240807-WA0059-150x150.jpg 150w, https:\/\/vinasfm.com\/noticias\/wp-content\/uploads\/2024\/08\/IMG-20240807-WA0059-768x768.jpg 768w, https:\/\/vinasfm.com\/noticias\/wp-content\/uploads\/2024\/08\/IMG-20240807-WA0059-360x360.jpg 360w, https:\/\/vinasfm.com\/noticias\/wp-content\/uploads\/2024\/08\/IMG-20240807-WA0059-750x750.jpg 750w, https:\/\/vinasfm.com\/noticias\/wp-content\/uploads\/2024\/08\/IMG-20240807-WA0059.jpg 800w\" sizes=\"auto, (max-width: 300px) 100vw, 300px\" \/><\/a><\/p>\n<p><span style=\"color: #000000;\"><strong><em>\u201cLa comisi\u00f3n se ha ido formando de a poco y contin\u00faa abierta para recibir a nuevos miembros\u201d<\/em><\/strong>, se\u00f1al\u00f3 Katzer y agreg\u00f3 que <strong><em>\u201ccuando se forma e integra una instituci\u00f3n como esta siempre surgen diferentes necesidades en donde tenemos que trabajar\u201d.<\/em><\/strong><\/span><\/p>\n<p><span style=\"color: #000000;\">As\u00ed mismo, la presidente de la mencionada instituci\u00f3n explic\u00f3 que <strong><em>\u201cen General Alvear no contamos con un Club, sino con un Sat\u00e9lite. Para poder conformar el Rotary Club en el departamento tenemos que ser m\u00e1s de 20 personas asociadas, hoy solo somos 11 con algunos colaboradores \u00a0que prestan sus servicios\u201d.<\/em><\/strong><\/span><\/p>\n<p><span style=\"color: #000000;\">Como <strong>concejal mandato cumplido<\/strong>, Katzer se\u00f1al\u00f3 que <em><strong>\u201ccontar con esas funciones me han permito reunir distintos contactos que funcionaron para brindar soluciones a un sinf\u00edn de situaciones. En mi periodo como concejal me avoqu\u00e9 a trabajar para la comunidad y mi objetivo es continuar con esa tarea desde un nuevo rol\u201d.<\/strong><\/em><\/span><\/p>\n<h2><span style=\"color: #000000;\">LA PRIMER ACCI\u00d3N DEL NUEVO ROTARY<\/span><\/h2>\n<p><span style=\"color: #000000;\">El Rotary Club se caracteriza por ser una mediadora que busca brindar soluciones. En el mes de junio, junto a la Municipalidad de General Alvear, concretaron la entrega de la \u00abVaca Mec\u00e1nica\u00bb; una m\u00e1quina de origen italiano que al procesar un kilo de soja produce 10 litros de leche, sumado que tambi\u00e9n sirve para la elaboraci\u00f3n de diferentes comidas con legumbre, se puede preparar milanesas, hamburguesas, marineras, postres, jugos entre otras. Son diferentes productos naturales que hace a un bajo costo y un \u00e9xito en la lucha por mejorar la alimentaci\u00f3n de la comunidad.<\/span><\/p>\n<p><span style=\"color: #000000;\">Adem\u00e1s de servir a la comunidad, a los comedores, puede principalmente producir micro-emprendimientos para generar ingresos en algunos emprendedores.<\/span><\/p>\n","protected":false},"excerpt":{"rendered":"<p>Este s\u00e1bado se har\u00e1 entrega de la carta constitutiva de la nueva comisi\u00f3n, adem\u00e1s de entregar insignia a los nuevos rotarios &#8230;<\/p>\n","protected":false},"author":7,"featured_media":138240,"comment_status":"open","ping_status":"open","sticky":false,"template":"","format":"standard","meta":{"footnotes":""},"categories":[5,11],"tags":[],"class_list":["post-138238","post","type-post","status-publish","format-standard","has-post-thumbnail","hentry","category-actualidad","category-sociales"],"_links":{"self":[{"href":"https:\/\/vinasfm.com\/noticias\/wp-json\/wp\/v2\/posts\/138238","targetHints":{"allow":["GET"]}}],"collection":[{"href":"https:\/\/vinasfm.com\/noticias\/wp-json\/wp\/v2\/posts"}],"about":[{"href":"https:\/\/vinasfm.com\/noticias\/wp-json\/wp\/v2\/types\/post"}],"author":[{"embeddable":true,"href":"https:\/\/vinasfm.com\/noticias\/wp-json\/wp\/v2\/users\/7"}],"replies":[{"embeddable":true,"href":"https:\/\/vinasfm.com\/noticias\/wp-json\/wp\/v2\/comments?post=138238"}],"version-history":[{"count":3,"href":"https:\/\/vinasfm.com\/noticias\/wp-json\/wp\/v2\/posts\/138238\/revisions"}],"predecessor-version":[{"id":138243,"href":"https:\/\/vinasfm.com\/noticias\/wp-json\/wp\/v2\/posts\/138238\/revisions\/138243"}],"wp:featuredmedia":[{"embeddable":true,"href":"https:\/\/vinasfm.com\/noticias\/wp-json\/wp\/v2\/media\/138240"}],"wp:attachment":[{"href":"https:\/\/vinasfm.com\/noticias\/wp-json\/wp\/v2\/media?parent=138238"}],"wp:term":[{"taxonomy":"category","embeddable":true,"href":"https:\/\/vinasfm.com\/noticias\/wp-json\/wp\/v2\/categories?post=138238"},{"taxonomy":"post_tag","embeddable":true,"href":"https:\/\/vinasfm.com\/noticias\/wp-json\/wp\/v2\/tags?post=138238"}],"curies":[{"name":"wp","href":"https:\/\/api.w.org\/{rel}","templated":true}]}}