{"id":138230,"date":"2024-08-08T10:29:10","date_gmt":"2024-08-08T13:29:10","guid":{"rendered":"https:\/\/vinasfm.com\/noticias\/?p=138230"},"modified":"2024-08-09T09:26:17","modified_gmt":"2024-08-09T12:26:17","slug":"hablo-el-abogado-de-la-joven-detenida-por-material-de-abuso-infantil-ella-es-100-inocente","status":"publish","type":"post","link":"https:\/\/vinasfm.com\/noticias\/hablo-el-abogado-de-la-joven-detenida-por-material-de-abuso-infantil-ella-es-100-inocente\/","title":{"rendered":"HABL\u00d3 EL ABOGADO DE LA JOVEN DETENIDA POR MATERIAL DE ABUSO INFANTIL: \u201cELLA ES 100% INOCENTE\u201d"},"content":{"rendered":"<h4><span style=\"color: #000000;\">Gonzalo Pagliano, abogado defensor de la joven mujer que fue detenida d\u00edas atr\u00e1s en una caf\u00e9 c\u00e9ntrico en el marco de las investigaciones desarrolladas por el fiscal Javier Giaroli respecto a posibles casos de tenencia y distribuci\u00f3n de material de abuso sexual infantil y acoso virtual a menores (grooming), habl\u00f3 en exclusiva con Diario San Rafael.<\/span><\/h4>\n<p><span style=\"color: #000000;\">El letrado defendi\u00f3 la inocencia de su representada y, en ese sentido, inform\u00f3 que en las pr\u00f3ximas horas declarar\u00e1 ante el fiscal y pedir\u00e1n el cese de la prisi\u00f3n preventiva que hoy est\u00e1 atravesando en la modalidad domiciliaria.<\/span><\/p>\n<p><span style=\"color: #000000;\"><span style=\"color: #003366;\"><strong>Pagliano<\/strong><\/span> explic\u00f3 que la mujer acusada ten\u00eda una cuenta de Facebook propia y una de Instagram para el comercio que representa. <em><strong>\u201cEn un determinado momento, en el a\u00f1o 2022, le llega un mail desde Facebook donde le indicaban que hab\u00edan descubierto actividad inusual en la cuenta, un ataque, y que por eso le hab\u00edan dado de baja. Ante ello, mi clienta comunic\u00f3 a todos sus contactos que no ten\u00eda acceso a esa cuenta, al tiempo que desde Facebook le ped\u00edan diferentes requisitos para reabrir su espacio. En ese mes que no tuvo acceso, abri\u00f3 un nuevo usuario con un nombre muy parecido, se lo envi\u00f3 a todos los contactos y sigui\u00f3 con su giro comunicacional. Dos a\u00f1os despu\u00e9s, desde Facebook le avisan a Giaroli que en el perfil de la mujer (el viejo) se hab\u00edan subido 34 videos de abusos sexuales a menores. Lo que llam\u00f3 la atenci\u00f3n es que quien lo hizo, subi\u00f3 esas im\u00e1genes al muro p\u00fablico, algo que nadie har\u00eda en su sano juicio\u201d.<\/strong><\/em><\/span><\/p>\n<p><span style=\"color: #000000;\">Profundizada la investigaci\u00f3n, se descubri\u00f3 que <em><strong>\u201calgunas de esas im\u00e1genes fueron subidas desde una computadora de Canad\u00e1, otras desde Mato Grosso, lugares donde mi clienta, obviamente, no estaba\u201d.<\/strong><\/em><\/span><\/p>\n<p><span style=\"color: #000000;\">El abogado defensor destac\u00f3 que su clienta<em><strong> \u201cpuso a disposici\u00f3n de la justicia todas las contrase\u00f1as de sus redes y sus dispositivos\u201d<\/strong><\/em> para ser analizados. En cuanto al desarrollo de la causa, Pagliano coment\u00f3 que <em><strong>\u201cfrente a la gravedad de los hechos que le imputaron, opt\u00e9 por pedir la prisi\u00f3n domiciliaria y dejarla descansar unos d\u00edas. En los pr\u00f3ximos d\u00edas, cuando ella est\u00e9 mejor emocionalmente, presentaremos las pruebas de su inocencia y descarto que recuperar\u00e1 su libertad\u201d.<\/strong><\/em><\/span><\/p>\n<p><span style=\"color: #000000;\">Finalmente, <span style=\"color: #003366;\"><strong>Pagliano<\/strong><\/span> se mostr\u00f3 preocupado por <em><strong>\u201cla cantidad de gente que hizo comentarios y juicios sentenciosos y de valor sin ning\u00fan tipo de prueba. Por eso le he sugerido a mi clienta que demandemos a quienes llevaron adelante esas conductas. Este caso deber\u00eda ser un antes y un despu\u00e9s para evitar ese tipo de accionar, da\u00f1oso para con muchas personas inocentes\u201d.<\/strong><\/em><\/span><\/p>\n","protected":false},"excerpt":{"rendered":"<p>Gonzalo Pagliano, abogado defensor de la joven mujer que fue detenida d\u00edas atr\u00e1s en una caf\u00e9 c\u00e9ntrico en el marco de &#8230;<\/p>\n","protected":false},"author":7,"featured_media":138231,"comment_status":"open","ping_status":"open","sticky":false,"template":"","format":"standard","meta":{"footnotes":""},"categories":[5,22],"tags":[],"class_list":["post-138230","post","type-post","status-publish","format-standard","has-post-thumbnail","hentry","category-actualidad","category-justicia"],"_links":{"self":[{"href":"https:\/\/vinasfm.com\/noticias\/wp-json\/wp\/v2\/posts\/138230","targetHints":{"allow":["GET"]}}],"collection":[{"href":"https:\/\/vinasfm.com\/noticias\/wp-json\/wp\/v2\/posts"}],"about":[{"href":"https:\/\/vinasfm.com\/noticias\/wp-json\/wp\/v2\/types\/post"}],"author":[{"embeddable":true,"href":"https:\/\/vinasfm.com\/noticias\/wp-json\/wp\/v2\/users\/7"}],"replies":[{"embeddable":true,"href":"https:\/\/vinasfm.com\/noticias\/wp-json\/wp\/v2\/comments?post=138230"}],"version-history":[{"count":1,"href":"https:\/\/vinasfm.com\/noticias\/wp-json\/wp\/v2\/posts\/138230\/revisions"}],"predecessor-version":[{"id":138232,"href":"https:\/\/vinasfm.com\/noticias\/wp-json\/wp\/v2\/posts\/138230\/revisions\/138232"}],"wp:featuredmedia":[{"embeddable":true,"href":"https:\/\/vinasfm.com\/noticias\/wp-json\/wp\/v2\/media\/138231"}],"wp:attachment":[{"href":"https:\/\/vinasfm.com\/noticias\/wp-json\/wp\/v2\/media?parent=138230"}],"wp:term":[{"taxonomy":"category","embeddable":true,"href":"https:\/\/vinasfm.com\/noticias\/wp-json\/wp\/v2\/categories?post=138230"},{"taxonomy":"post_tag","embeddable":true,"href":"https:\/\/vinasfm.com\/noticias\/wp-json\/wp\/v2\/tags?post=138230"}],"curies":[{"name":"wp","href":"https:\/\/api.w.org\/{rel}","templated":true}]}}