{"id":138225,"date":"2024-08-08T10:26:12","date_gmt":"2024-08-08T13:26:12","guid":{"rendered":"https:\/\/vinasfm.com\/noticias\/?p=138225"},"modified":"2024-08-09T09:08:03","modified_gmt":"2024-08-09T12:08:03","slug":"carmensa-el-municipio-trabaja-en-el-tapado-de-un-canal-de-riego-que-permitira-la-ampliacion-de-la-calle-hipolito-yrigoyen","status":"publish","type":"post","link":"https:\/\/vinasfm.com\/noticias\/carmensa-el-municipio-trabaja-en-el-tapado-de-un-canal-de-riego-que-permitira-la-ampliacion-de-la-calle-hipolito-yrigoyen\/","title":{"rendered":"CARMENSA: EL MUNICIPIO TRABAJA EN EL TAPADO DE UN CANAL DE RIEGO QUE PERMITIR\u00c1 LA AMPLIACI\u00d3N DE LA CALLE HIP\u00d3LITO YRIGOYEN"},"content":{"rendered":"<h4><span style=\"color: #000000;\"><strong>El proyecto busca optimizar la circulaci\u00f3n y la visualidad de la zona, es una colaboraci\u00f3n entre la <\/strong>Delegaci\u00f3n Municipal, Irrigaci\u00f3n y Vialidad.<\/span><\/h4>\n<p><span style=\"color: #000000;\">En un esfuerzo por mejorar la infraestructura del distrito de San Pedro del Atuel, se est\u00e1n llevando a cabo trabajos para tapar un canal de riego y ampliar una calle, atendiendo as\u00ed un pedido antiguo de los vecinos.<\/span><\/p>\n<p><span style=\"color: #000000;\">Los trabajos con maquinaria ya est\u00e1n en marcha en inmediaciones de calles C\u00f3rdoba e Hip\u00f3lito Yrigoyen, y los residentes han expresado su satisfacci\u00f3n con las mejoras que se est\u00e1n implementando. La <strong>delegada distrital, <span style=\"color: #003366;\">Norma Costa<\/span><\/strong>, explic\u00f3 que <em><strong>\u00abeste canal de riego era muy grande ya que no tenemos un gran caudal de agua, por lo tanto s<\/strong><strong>e va a tapar para que luego, desde Irrigaci\u00f3n, realicen una nueva acequia\u00bb.<\/strong><\/em>As\u00ed mismo, Costa se\u00f1al\u00f3 que este trabajo <strong><em>\u00abpermitir\u00e1 ampliar la calle aportando una mayor visualidad a los transe\u00fantes\u00bb.<\/em><\/strong><\/span><\/p>\n<p><span style=\"color: #000000;\">La ampliaci\u00f3n de la calle no solo facilitar\u00e1 el tr\u00e1nsito vehicular, sino que tambi\u00e9n embellecer\u00e1 el entorno, contribuyendo a un mejor desarrollo comunitario. Se espera que este importante proyecto est\u00e9 finalizado para el pr\u00f3ximo a\u00f1o, brindando as\u00ed a los vecinos de San Pedro del Atuel una mejora significativa en su calidad de vida y en la est\u00e9tica del lugar.<\/span><\/p>\n","protected":false},"excerpt":{"rendered":"<p>El proyecto busca optimizar la circulaci\u00f3n y la visualidad de la zona, es una colaboraci\u00f3n entre la Delegaci\u00f3n Municipal, Irrigaci\u00f3n y &#8230;<\/p>\n","protected":false},"author":7,"featured_media":138229,"comment_status":"open","ping_status":"open","sticky":false,"template":"","format":"standard","meta":{"footnotes":""},"categories":[5,29],"tags":[],"class_list":["post-138225","post","type-post","status-publish","format-standard","has-post-thumbnail","hentry","category-actualidad","category-obras-y-servicios"],"_links":{"self":[{"href":"https:\/\/vinasfm.com\/noticias\/wp-json\/wp\/v2\/posts\/138225","targetHints":{"allow":["GET"]}}],"collection":[{"href":"https:\/\/vinasfm.com\/noticias\/wp-json\/wp\/v2\/posts"}],"about":[{"href":"https:\/\/vinasfm.com\/noticias\/wp-json\/wp\/v2\/types\/post"}],"author":[{"embeddable":true,"href":"https:\/\/vinasfm.com\/noticias\/wp-json\/wp\/v2\/users\/7"}],"replies":[{"embeddable":true,"href":"https:\/\/vinasfm.com\/noticias\/wp-json\/wp\/v2\/comments?post=138225"}],"version-history":[{"count":2,"href":"https:\/\/vinasfm.com\/noticias\/wp-json\/wp\/v2\/posts\/138225\/revisions"}],"predecessor-version":[{"id":138227,"href":"https:\/\/vinasfm.com\/noticias\/wp-json\/wp\/v2\/posts\/138225\/revisions\/138227"}],"wp:featuredmedia":[{"embeddable":true,"href":"https:\/\/vinasfm.com\/noticias\/wp-json\/wp\/v2\/media\/138229"}],"wp:attachment":[{"href":"https:\/\/vinasfm.com\/noticias\/wp-json\/wp\/v2\/media?parent=138225"}],"wp:term":[{"taxonomy":"category","embeddable":true,"href":"https:\/\/vinasfm.com\/noticias\/wp-json\/wp\/v2\/categories?post=138225"},{"taxonomy":"post_tag","embeddable":true,"href":"https:\/\/vinasfm.com\/noticias\/wp-json\/wp\/v2\/tags?post=138225"}],"curies":[{"name":"wp","href":"https:\/\/api.w.org\/{rel}","templated":true}]}}