{"id":138218,"date":"2024-08-08T09:12:17","date_gmt":"2024-08-08T12:12:17","guid":{"rendered":"https:\/\/vinasfm.com\/noticias\/?p=138218"},"modified":"2024-08-09T09:27:04","modified_gmt":"2024-08-09T12:27:04","slug":"el-gobierno-negocia-con-fecovita-para-abrir-su-seguro-agricola-a-productores-no-asociados","status":"publish","type":"post","link":"https:\/\/vinasfm.com\/noticias\/el-gobierno-negocia-con-fecovita-para-abrir-su-seguro-agricola-a-productores-no-asociados\/","title":{"rendered":"EL GOBIERNO NEGOCIA CON FECOVITA PARA \u201cABRIR\u201d SU SEGURO AGR\u00cdCOLA A PRODUCTORES NO ASOCIADOS"},"content":{"rendered":"<h4><span style=\"color: #000000;\">Desde la federaci\u00f3n de cooperativas confirmaron el acercamiento. En que consiste el \u201cFondo Solidario\u201d.<\/span><\/h4>\n<p><span style=\"color: #000000;\">Este martes, el <strong>ministro de Producci\u00f3n<\/strong>,\u00a0<span style=\"color: #003366;\"><strong>Rodolfo Vargas Arizu<\/strong><\/span>,\u00a0defendi\u00f3 en la\u00a0<strong>Legislatura<\/strong>\u00a0provincial la eliminaci\u00f3n de la lucha antigranizo. All\u00ed mencion\u00f3 adem\u00e1s que se encuentra en negociaciones con la<strong>\u00a0Federaci\u00f3n de Cooperativas Vitivin\u00edcolas de Argentina (Fecovita)<\/strong>\u00a0para incorporar a productores que no est\u00e9n asociados a su fondo solidario.<\/span><\/p>\n<p><span style=\"color: #000000;\">Desde Fecovita confirmaron que actualmente se encuentran en \u201c<strong><em>negociaciones preliminares\u201d<\/em><\/strong>\u00a0y que por el momento no hay mayores definiciones al respecto.<\/span><\/p>\n<p><span style=\"color: #000000;\"><strong><em>\u201cEstamos en conversaciones con el Ministerio, evaluando las posibilidades de ingreso de productores a nuestro fondo solidario. Son conversaciones preliminares. A\u00fan no tenemos definiciones concretas sobre el tema\u201d<\/em><\/strong>, asegur\u00f3 <strong><span style=\"color: #003366;\">Marcelo Federici<\/span>, secretario de Fecovita.<\/strong><\/span><\/p>\n<p><span style=\"color: #000000;\">En concreto, de llegar a un acuerdo, aquellos vi\u00f1ateros que no pertenezcan a ninguna cooperativa asociada tendr\u00e1n la posibilidad de acceder voluntariamente a este fondo.<\/span><\/p>\n<p><span style=\"color: #000000;\">En el sistema de la cooperativa,\u00a0<strong>los productores aportan de manera voluntaria entre el 5% y el 7% , dependiendo de la regi\u00f3n, del vino producido<\/strong>. Con esto se crea un bolsa solidaria con el cual se le paga a los vi\u00f1ateros que est\u00e9n adheridos al programa y hayan sufrido un da\u00f1o por granizo superior al 32%. Lo interesante de esta tipo de seguro es que se usa como m\u00e9todo de actualizaci\u00f3n el valor del vino.<\/span><\/p>\n<p><span style=\"color: #000000;\"><strong><em>\u201cFunciona muy bien, existe hace m\u00e1s de 20 a\u00f1os y en l\u00edneas generales los socios de las cooperativas est\u00e1n bastante conforme con su funcionamiento\u201d<\/em><\/strong>, asegur\u00f3<strong><span style=\"color: #003366;\"> Eduardo Sancho<\/span>, ex presidente de Fecovita.<\/strong><\/span><\/p>\n<p><img loading=\"lazy\" decoding=\"async\" class=\"\" src=\"https:\/\/i0.wp.com\/newspack-elsol.s3.amazonaws.com\/wp-content\/uploads\/2024\/01\/WhatsApp-Image-2024-01-12-at-13.41.21.jpeg?fit=1024%2C768&amp;ssl=1\" width=\"600\" height=\"450\" \/><\/p>\n<h6 class=\"entry-title entry-title--with-subtitle\">El Gobierno negocia con Fecovita para \u201cabrir\u201d su seguro agr\u00edcola a productores no asociados.<\/h6>\n<h2 id=\"h-los-nuevos-seguros\" class=\"wp-block-heading\"><span style=\"color: #000000;\">Los nuevos seguros<\/span><\/h2>\n<p><span style=\"color: #000000;\">Este viernes el Gobierno presentar\u00e1 el nuevo seguro agr\u00edcola, con el cual pretenden asistir a los\u00a0<strong>productores\u00a0<\/strong>que sean afectados\u00a0<strong>por\u00a0heladas\u00a0y granizo.\u00a0<\/strong>La novedad se produce en medio de la pol\u00e9mica desatada por la decisi\u00f3n<\/span>\u00a0<a href=\"https:\/\/www.elsol.com.ar\/mendoza\/el-fin-de-la-lucha-antigranizo-los-cambios-que-vienen-y-la-ayuda-a-los-productores\/\" target=\"_blank\" rel=\"noreferrer noopener\">del gobierno de Alfredo Cornejo de eliminar la lucha antigranizo<\/a>.<\/p>\n<p><span style=\"color: #000000;\">Si bien actualmente ya existe un seguro agr\u00edcola, este mecanismo de cobertura\u00a0ser\u00e1 reforzado con las partidas de fondos que se utilizaban en la lucha antigranizo.<strong>\u00a0El Gobierno intentar\u00e1 cubrir entre un 60% y un 70% del costo total de una siembra.<\/strong><\/span><\/p>\n<p><span style=\"color: #000000;\">Habr\u00e1 dos opciones: una que cubra exclusivamente el da\u00f1o por granizo, y otra que adem\u00e1s incorpore las p\u00e9rdidas generadas por heladas. Estar\u00e1 apuntado, en principio, a\u00a0<strong>peque\u00f1os productores<\/strong>. Es decir, aquellos que cuyas propiedades no sean superiores a las 20 hect\u00e1reas.<\/span><\/p>\n<p><span style=\"color: #000000;\"><strong>\u201c<em>No tenemos a\u00fan la cifra final de dinero que vamos a aportar, como tampoco las hect\u00e1reas que vayamos a cubrir, que en principio ser\u00eda hasta 20 hect\u00e1reas. Habr\u00e1 uno espec\u00edfico para granizo, y uno que cubra granizo y helada\u201d<\/em><\/strong>, adelant\u00f3\u00a0<span style=\"color: #003366;\"><strong>Vargas Arizu.<\/strong><\/span><\/span><\/p>\n<p><span style=\"color: #000000;\">En tanto, el punto que estaba a\u00fan en discusi\u00f3n era la forma en que el seguro que cobre el productor -si sufre alg\u00fan da\u00f1o- tenga alg\u00fan tipo de\u00a0<strong>indexaci\u00f3n<\/strong>. El que existe actualmente tiene un monto fijo a pagar por hect\u00e1rea afectada, que en un contexto inflacionario termina siendo insignificante al momento del cobro.<\/span><\/p>\n<p><span style=\"color: #000000;\">Es por esto que\u00a0<strong>el monto que recibir\u00e1n los productores a trav\u00e9s del nuevo seguro se actualizar\u00e1 a trav\u00e9s de alg\u00fan \u00edndice que no est\u00e1 definido a\u00fan<\/strong>, aunque se estima que ser\u00eda por <strong>\u00cdndice de Precios al Consumidor (IPC).<\/strong><\/span><\/p>\n","protected":false},"excerpt":{"rendered":"<p>Desde la federaci\u00f3n de cooperativas confirmaron el acercamiento. En que consiste el \u201cFondo Solidario\u201d. Este martes, el ministro de Producci\u00f3n,\u00a0Rodolfo Vargas &#8230;<\/p>\n","protected":false},"author":7,"featured_media":128379,"comment_status":"open","ping_status":"open","sticky":false,"template":"","format":"standard","meta":{"footnotes":""},"categories":[5,14],"tags":[],"class_list":["post-138218","post","type-post","status-publish","format-standard","has-post-thumbnail","hentry","category-actualidad","category-agro"],"_links":{"self":[{"href":"https:\/\/vinasfm.com\/noticias\/wp-json\/wp\/v2\/posts\/138218","targetHints":{"allow":["GET"]}}],"collection":[{"href":"https:\/\/vinasfm.com\/noticias\/wp-json\/wp\/v2\/posts"}],"about":[{"href":"https:\/\/vinasfm.com\/noticias\/wp-json\/wp\/v2\/types\/post"}],"author":[{"embeddable":true,"href":"https:\/\/vinasfm.com\/noticias\/wp-json\/wp\/v2\/users\/7"}],"replies":[{"embeddable":true,"href":"https:\/\/vinasfm.com\/noticias\/wp-json\/wp\/v2\/comments?post=138218"}],"version-history":[{"count":1,"href":"https:\/\/vinasfm.com\/noticias\/wp-json\/wp\/v2\/posts\/138218\/revisions"}],"predecessor-version":[{"id":138219,"href":"https:\/\/vinasfm.com\/noticias\/wp-json\/wp\/v2\/posts\/138218\/revisions\/138219"}],"wp:featuredmedia":[{"embeddable":true,"href":"https:\/\/vinasfm.com\/noticias\/wp-json\/wp\/v2\/media\/128379"}],"wp:attachment":[{"href":"https:\/\/vinasfm.com\/noticias\/wp-json\/wp\/v2\/media?parent=138218"}],"wp:term":[{"taxonomy":"category","embeddable":true,"href":"https:\/\/vinasfm.com\/noticias\/wp-json\/wp\/v2\/categories?post=138218"},{"taxonomy":"post_tag","embeddable":true,"href":"https:\/\/vinasfm.com\/noticias\/wp-json\/wp\/v2\/tags?post=138218"}],"curies":[{"name":"wp","href":"https:\/\/api.w.org\/{rel}","templated":true}]}}