{"id":138169,"date":"2024-08-06T21:11:06","date_gmt":"2024-08-07T00:11:06","guid":{"rendered":"https:\/\/vinasfm.com\/noticias\/?p=138169"},"modified":"2024-08-08T10:31:27","modified_gmt":"2024-08-08T13:31:27","slug":"culmina-la-preinscripcion-al-plan-horticola-departamental","status":"publish","type":"post","link":"https:\/\/vinasfm.com\/noticias\/culmina-la-preinscripcion-al-plan-horticola-departamental\/","title":{"rendered":"CULMINA LA PREINSCRIPCI\u00d3N AL PLAN HORT\u00cdCOLA DEPARTAMENTAL"},"content":{"rendered":"<h4>Los interesados tendr\u00e1n tiempo de preinscribirse hasta el viernes 9 de agosto.<\/h4>\n<p>Con el objetivo de fortalecer la producci\u00f3n hort\u00edcola en el departamento, est\u00e1 edici\u00f3n se presenta una novedad significativa al ampliar la oferta y otorgar a los productores la libertad de elegir qu\u00e9 cultivos desean plantar con los fondos proporcionados por la municipalidad. <em><strong>\u00abEl productor seleccionado va a poder elegir desde la variaci\u00f3n hasta el vivero, no estar\u00e1 sujeto a las licitaciones municipales<\/strong><\/em>\u00ab, asegur\u00f3 el <strong>director de Agricultura, Ganader\u00eda y Faena <span style=\"color: #003366;\">Agust\u00edn Anzorena.\u00a0<\/span><\/strong><\/p>\n<p>La Comuna lleva adelante este programa desde hace algunos a\u00f1os, logrando transformarse en pol\u00edtica de Estado. <em><strong>\u00abEs un financiamiento a taza cero, el productor lo utiliza y una vez que planta, cosecha y vende puede devolverlo al Municipio\u00bb<\/strong><\/em>, se\u00f1al\u00f3 Anzorena. En cuanto al recupero, el director de Agricultura manifest\u00f3 que <em><strong>\u00absiempre var\u00eda entre un 70% y un 90%, este fue el a\u00f1o en el que se logr\u00f3 un mayor recupero\u00bb.<\/strong><\/em><\/p>\n<h2>LA PREINSCRIPCI\u00d3N<\/h2>\n<p>Consultado por <span style=\"color: #800080;\">FM VI\u00d1AS<\/span> sobre la modalidad de preinscripci\u00f3n, Anzorena explic\u00f3 que<em><strong> \u00abse realiza una evaluaci\u00f3n en d\u00f3nde el productor va a describir su finca y especificar si cuenta con bomba adicional de agua (propia o de consorcio), riego tecnificado por goteo, mall antigranizo, etc. En cuanto cuente con mayor tecnificaci\u00f3n hay mayor posibilidad de ser seleccionado\u00bb.\u00a0<\/strong><\/em><\/p>\n<p><em><strong>\u00abCon esta evaluaci\u00f3n nos queremos asegurar la buena producci\u00f3n y el recupero de la Municipalidad y de los ciudadanos que financian el programa con sus aportes\u00bb<\/strong><\/em>, expres\u00f3.<\/p>\n<p>Por \u00faltimo, el director de Agricultura, Ganader\u00eda y Faena se refiri\u00f3 al monto de financiamiento. <em><strong>\u00abTenemos una importante cantidad de preinscritos, de acuerdo a la selecci\u00f3n el monto rondar\u00e1 entre los 60 y 70 millones de pesos\u00bb.<\/strong><\/em><\/p>\n","protected":false},"excerpt":{"rendered":"<p>Los interesados tendr\u00e1n tiempo de preinscribirse hasta el viernes 9 de agosto. Con el objetivo de fortalecer la producci\u00f3n hort\u00edcola en &#8230;<\/p>\n","protected":false},"author":7,"featured_media":138170,"comment_status":"open","ping_status":"open","sticky":false,"template":"","format":"standard","meta":{"footnotes":""},"categories":[5,14],"tags":[],"class_list":["post-138169","post","type-post","status-publish","format-standard","has-post-thumbnail","hentry","category-actualidad","category-agro"],"_links":{"self":[{"href":"https:\/\/vinasfm.com\/noticias\/wp-json\/wp\/v2\/posts\/138169","targetHints":{"allow":["GET"]}}],"collection":[{"href":"https:\/\/vinasfm.com\/noticias\/wp-json\/wp\/v2\/posts"}],"about":[{"href":"https:\/\/vinasfm.com\/noticias\/wp-json\/wp\/v2\/types\/post"}],"author":[{"embeddable":true,"href":"https:\/\/vinasfm.com\/noticias\/wp-json\/wp\/v2\/users\/7"}],"replies":[{"embeddable":true,"href":"https:\/\/vinasfm.com\/noticias\/wp-json\/wp\/v2\/comments?post=138169"}],"version-history":[{"count":1,"href":"https:\/\/vinasfm.com\/noticias\/wp-json\/wp\/v2\/posts\/138169\/revisions"}],"predecessor-version":[{"id":138171,"href":"https:\/\/vinasfm.com\/noticias\/wp-json\/wp\/v2\/posts\/138169\/revisions\/138171"}],"wp:featuredmedia":[{"embeddable":true,"href":"https:\/\/vinasfm.com\/noticias\/wp-json\/wp\/v2\/media\/138170"}],"wp:attachment":[{"href":"https:\/\/vinasfm.com\/noticias\/wp-json\/wp\/v2\/media?parent=138169"}],"wp:term":[{"taxonomy":"category","embeddable":true,"href":"https:\/\/vinasfm.com\/noticias\/wp-json\/wp\/v2\/categories?post=138169"},{"taxonomy":"post_tag","embeddable":true,"href":"https:\/\/vinasfm.com\/noticias\/wp-json\/wp\/v2\/tags?post=138169"}],"curies":[{"name":"wp","href":"https:\/\/api.w.org\/{rel}","templated":true}]}}