{"id":138158,"date":"2024-08-06T11:25:41","date_gmt":"2024-08-06T14:25:41","guid":{"rendered":"https:\/\/vinasfm.com\/noticias\/?p=138158"},"modified":"2024-08-07T10:32:43","modified_gmt":"2024-08-07T13:32:43","slug":"san-rafael-como-sigue-la-causa-por-grooming","status":"publish","type":"post","link":"https:\/\/vinasfm.com\/noticias\/san-rafael-como-sigue-la-causa-por-grooming\/","title":{"rendered":"SAN RAFAEL: C\u00d3MO SIGUE LA CAUSA POR GROOMING"},"content":{"rendered":"<h4><span class=\"sigijh_hlt sigijh_animateMe\" style=\"color: #000000;\">El megaoperativo desarrollado a fines de la semana pasada con casi 20 allanamientos en nuestro departamento y en Malarg\u00fce y donde se investigan presuntos delitos de tenencia, distribuci\u00f3n y comercializaci\u00f3n de im\u00e1genes de abusos sexuales a menores y acoso virtual <em>(grooming)<\/em> contin\u00faan sus pasos.<\/span><\/h4>\n<p><span style=\"color: #000000;\">Desde la fiscal\u00eda especializada que encabeza el <span style=\"color: #003366;\"><strong>doctor Javier Giaroli<\/strong><\/span> se inform\u00f3 que a esta altura <strong>hay cuatro personas imputadas y alojadas en la penitenciar\u00eda de San Rfael.<\/strong> Son parte del grupo acusado de facilitaci\u00f3n y comercializaci\u00f3n de videos donde <strong>se observan conductas \u201caberrantes\u201d de contenido sexual contra menores de edad.<\/strong> Entre ellos se encuentra un joven ex candidato a concejal por el <strong><span style=\"color: #003366;\">Partido Verde<\/span><\/strong> de apellido <span style=\"color: #003366;\"><strong>Ramos.<\/strong><\/span><\/span><\/p>\n<p><img loading=\"lazy\" decoding=\"async\" class=\"\" src=\"https:\/\/diariosanrafael.com.ar\/wp-content\/uploads\/2024\/08\/IMG-20240801-WA00422.jpg\" width=\"485\" height=\"359\" \/><\/p>\n<h6><span style=\"color: #000000;\"> <strong>Hay cuatro personas imputadas y alojadas en la penitenciar\u00eda de San Rfael<\/strong><\/span><\/h6>\n<p><span style=\"color: #000000;\">En esta misma causa, aunque se aclar\u00f3 que l<strong>os imputados no ten\u00edan vinculaci\u00f3n entre s\u00ed, tambi\u00e9n se encuentra la joven que fue aprehendida en un caf\u00e9 c\u00e9ntrico<\/strong>, en el marco de un operativo que llam\u00f3 la atenci\u00f3n de los ocasionales testigos. Seg\u00fan fuentes cercanas al expediente, <strong>es probable que a la joven le hayan hackeado la cuenta de Facebook o que su perfil haya sido abordado por otra persona. No obstante, permanece imputada y con prisi\u00f3n preventiva, aunque en la modalidad domiciliaria.<\/strong><\/span><\/p>\n<p><span style=\"color: #000000;\">Asimismo,<strong> hay otros cuatro imputados por tenencia de ese tipo de material, los que est\u00e1n en libertad.<\/strong><\/span><\/p>\n<p><span style=\"color: #000000;\"><span class=\"sigijh_hlt sigijh_animateMe\">Respecto de las causas de acoso virtual a menores (Grooming), se supo que e<strong>st\u00e1 acusado un hombre de Malarg\u00fce que habr\u00eda contactado a un menor de 10 a\u00f1os de Tandil a trav\u00e9s del juego \u201cFree Fire\u201d empez\u00f3 a extorsionarlo.<\/strong>\u00a0<\/span>La otra est\u00e1 vinculada a <strong>una ni\u00f1a de 13 a\u00f1os de San Rafael que fue acosada y a la que le enviaron fotos de un arma de fuego<\/strong>. <em><strong>\u201cAmbas causas est\u00e1n resueltas ya que en el caso de Malarg\u00fce se remiti\u00f3 el expediente a la fiscal\u00eda de all\u00e1 y en el segundo caso el autor fue declarado inimputable\u201d<\/strong><\/em>, aseguraron desde la fiscal\u00eda.<\/span><\/p>\n","protected":false},"excerpt":{"rendered":"<p>El megaoperativo desarrollado a fines de la semana pasada con casi 20 allanamientos en nuestro departamento y en Malarg\u00fce y donde &#8230;<\/p>\n","protected":false},"author":7,"featured_media":138009,"comment_status":"open","ping_status":"open","sticky":false,"template":"","format":"standard","meta":{"footnotes":""},"categories":[5],"tags":[],"class_list":["post-138158","post","type-post","status-publish","format-standard","has-post-thumbnail","hentry","category-actualidad"],"_links":{"self":[{"href":"https:\/\/vinasfm.com\/noticias\/wp-json\/wp\/v2\/posts\/138158","targetHints":{"allow":["GET"]}}],"collection":[{"href":"https:\/\/vinasfm.com\/noticias\/wp-json\/wp\/v2\/posts"}],"about":[{"href":"https:\/\/vinasfm.com\/noticias\/wp-json\/wp\/v2\/types\/post"}],"author":[{"embeddable":true,"href":"https:\/\/vinasfm.com\/noticias\/wp-json\/wp\/v2\/users\/7"}],"replies":[{"embeddable":true,"href":"https:\/\/vinasfm.com\/noticias\/wp-json\/wp\/v2\/comments?post=138158"}],"version-history":[{"count":2,"href":"https:\/\/vinasfm.com\/noticias\/wp-json\/wp\/v2\/posts\/138158\/revisions"}],"predecessor-version":[{"id":138165,"href":"https:\/\/vinasfm.com\/noticias\/wp-json\/wp\/v2\/posts\/138158\/revisions\/138165"}],"wp:featuredmedia":[{"embeddable":true,"href":"https:\/\/vinasfm.com\/noticias\/wp-json\/wp\/v2\/media\/138009"}],"wp:attachment":[{"href":"https:\/\/vinasfm.com\/noticias\/wp-json\/wp\/v2\/media?parent=138158"}],"wp:term":[{"taxonomy":"category","embeddable":true,"href":"https:\/\/vinasfm.com\/noticias\/wp-json\/wp\/v2\/categories?post=138158"},{"taxonomy":"post_tag","embeddable":true,"href":"https:\/\/vinasfm.com\/noticias\/wp-json\/wp\/v2\/tags?post=138158"}],"curies":[{"name":"wp","href":"https:\/\/api.w.org\/{rel}","templated":true}]}}