{"id":138156,"date":"2024-08-06T10:28:02","date_gmt":"2024-08-06T13:28:02","guid":{"rendered":"https:\/\/vinasfm.com\/noticias\/?p=138156"},"modified":"2024-08-07T10:01:35","modified_gmt":"2024-08-07T13:01:35","slug":"buscan-sumar-programadores-y-soldados-voluntarios-a-la-policia-de-mendoza","status":"publish","type":"post","link":"https:\/\/vinasfm.com\/noticias\/buscan-sumar-programadores-y-soldados-voluntarios-a-la-policia-de-mendoza\/","title":{"rendered":"BUSCAN SUMAR PROGRAMADORES Y SOLDADOS VOLUNTARIOS A LA POLIC\u00cdA DE MENDOZA"},"content":{"rendered":"<h4><span style=\"color: #000000;\">Los interesados tendr\u00e1n la posibilidad de acortar el tiempo de cursado en el Instituto Universitario de Seguridad P\u00fablica.<\/span><\/h4>\n<p><span style=\"color: #000000;\">El Gobierno de Afredo Cornejo busca agilizar la <strong>incorporaci\u00f3n de reclutas policiales<\/strong>\u00a0con perfiles espec\u00edficos. En tal sentido, la b\u00fasqueda del Ministerio de Seguridad apunta a tres tipos de potenciales interesados: <strong>estudiantes avanzados en carreras vinculadas a criminal\u00edstica, ciencias forenses,\u00a0investigaci\u00f3n e inteligencia criminal; personas con conocimiento y capacidades relacionadas a desarrollo y manejo de\u00a0tecnolog\u00eda aplicada a la seguridad; personas que pasaron por el\u00a0servicio militar voluntario\u00a0y cuenten con experiencia operativa de campo y estrat\u00e9gica.<\/strong><\/span><\/p>\n<p><span style=\"color: #000000;\">En todos los casos, tendr\u00e1n la posibilidad de ingresar a la <strong>Polic\u00eda de Mendoza<\/strong> en car\u00e1cter de Auxiliar, <strong>\u201c<em>previa aprobaci\u00f3n de un curso de capacitaci\u00f3n impartido por el Instituto Universitario de Seguridad P\u00fablica (IUSP), cuya duraci\u00f3n puede ser inferior a los seis meses, en funci\u00f3n de las capacidades adquiridas del postulante relacionadas a la actividad propia de la fuerza policial\u201d.<\/em><\/strong><\/span><\/p>\n<p><span style=\"color: #000000;\">En tal sentido, las autoridades consideran<strong>\u00a0<em>\u201cviable que el proceso de ense\u00f1anza-aprendizaje para Auxiliar de Polic\u00eda, puede desarrollarse en un tiempo menor a los seis meses, conforme el an\u00e1lisis realizado por el equipo t\u00e9cnico-pedag\u00f3gico de este Instituto Universitario de Seguridad P\u00fablica en funci\u00f3n de los conocimientos previos que poseen los postulantes y la carga horaria en doble jornada prevista en este caso\u201d<\/em>.<\/strong><\/span><\/p>\n<p><span style=\"color: #000000;\">As\u00ed qued\u00f3 establecido en el\u00a0<strong>decreto 1.445 del Ministerio de Seguridad y Justicia<\/strong>, publicado este martes en el Bolet\u00edn Oficial y firmado por el gobernador\u00a0<strong>Alfredo Cornejo\u00a0<\/strong>y la titular de la cartera,\u00a0<strong>Mercedes Rus.<\/strong><\/span><\/p>\n<p><span style=\"color: #000000;\"><strong>El art\u00edculo 1 del decreto establece que el curso de capacitaci\u00f3n t\u00e9cnico-pr\u00e1ctico podr\u00e1 tener una duraci\u00f3n inferior a los seis meses en los siguientes casos:<\/strong><\/span><\/p>\n<ul class=\"wp-block-list\">\n<li><span style=\"color: #000000;\">Postulantes a auxiliares de la polic\u00eda cuando acrediten cumplimiento de\u00a0<strong>instrucci\u00f3n militar voluntaria<\/strong>\u00a0y\/o instrucci\u00f3n en t\u00e1cticas y t\u00e9cnicas propias de las fuerzas de seguridad.<\/span><\/li>\n<\/ul>\n<ul class=\"wp-block-list\">\n<li><span style=\"color: #000000;\">Postulantes a auxiliares destinados a la Direcci\u00f3n de Investigaciones cuando se trate de estudiantes que acrediten al menos tres a\u00f1os de cursado de carreras vinculadas a\u00a0<strong>criminal\u00edstica, ciencias forenses, investigaci\u00f3n e inteligencia criminal<\/strong>.<\/span><\/li>\n<\/ul>\n<ul class=\"wp-block-list\">\n<li><span style=\"color: #000000;\">Postulantes a auxiliares destinados a la Subsecretaria de Tecnolog\u00eda aplicada a la Seguridad que acrediten\u00a0<strong>conocimiento y formaci\u00f3n t\u00e9cnica de base en inform\u00e1tica y tecnolog\u00edas de informaci\u00f3n y comunicaci\u00f3n (TIC\u00b4s)<\/strong>.<\/span><\/li>\n<\/ul>\n<p><span style=\"color: #000000;\">En este \u00faltimo caso, el decreto resalta que al tratarse de personal cualificado y con formaci\u00f3n t\u00e9cnica de base (sobre las que actualmente existe una mayor demanda laboral que oferta), se debe garantizar\u00a0<strong><em>\u201cun escalafonamiento cualificado y con estado policial que permita el desarrollo profesional del recurso humano con el manejo de informaci\u00f3n y sistemas cr\u00edticos que hacen a la Seguridad P\u00fablica de la Provincia\u201d.<\/em><\/strong><\/span><\/p>\n","protected":false},"excerpt":{"rendered":"<p>Los interesados tendr\u00e1n la posibilidad de acortar el tiempo de cursado en el Instituto Universitario de Seguridad P\u00fablica. El Gobierno de &#8230;<\/p>\n","protected":false},"author":7,"featured_media":126615,"comment_status":"open","ping_status":"open","sticky":false,"template":"","format":"standard","meta":{"footnotes":""},"categories":[5,33],"tags":[],"class_list":["post-138156","post","type-post","status-publish","format-standard","has-post-thumbnail","hentry","category-actualidad","category-seguridad"],"_links":{"self":[{"href":"https:\/\/vinasfm.com\/noticias\/wp-json\/wp\/v2\/posts\/138156","targetHints":{"allow":["GET"]}}],"collection":[{"href":"https:\/\/vinasfm.com\/noticias\/wp-json\/wp\/v2\/posts"}],"about":[{"href":"https:\/\/vinasfm.com\/noticias\/wp-json\/wp\/v2\/types\/post"}],"author":[{"embeddable":true,"href":"https:\/\/vinasfm.com\/noticias\/wp-json\/wp\/v2\/users\/7"}],"replies":[{"embeddable":true,"href":"https:\/\/vinasfm.com\/noticias\/wp-json\/wp\/v2\/comments?post=138156"}],"version-history":[{"count":1,"href":"https:\/\/vinasfm.com\/noticias\/wp-json\/wp\/v2\/posts\/138156\/revisions"}],"predecessor-version":[{"id":138157,"href":"https:\/\/vinasfm.com\/noticias\/wp-json\/wp\/v2\/posts\/138156\/revisions\/138157"}],"wp:featuredmedia":[{"embeddable":true,"href":"https:\/\/vinasfm.com\/noticias\/wp-json\/wp\/v2\/media\/126615"}],"wp:attachment":[{"href":"https:\/\/vinasfm.com\/noticias\/wp-json\/wp\/v2\/media?parent=138156"}],"wp:term":[{"taxonomy":"category","embeddable":true,"href":"https:\/\/vinasfm.com\/noticias\/wp-json\/wp\/v2\/categories?post=138156"},{"taxonomy":"post_tag","embeddable":true,"href":"https:\/\/vinasfm.com\/noticias\/wp-json\/wp\/v2\/tags?post=138156"}],"curies":[{"name":"wp","href":"https:\/\/api.w.org\/{rel}","templated":true}]}}