{"id":138139,"date":"2024-08-06T07:54:14","date_gmt":"2024-08-06T10:54:14","guid":{"rendered":"https:\/\/vinasfm.com\/noticias\/?p=138139"},"modified":"2024-08-07T10:03:42","modified_gmt":"2024-08-07T13:03:42","slug":"productores-celebraron-la-reapertura-del-mercado-municipal","status":"publish","type":"post","link":"https:\/\/vinasfm.com\/noticias\/productores-celebraron-la-reapertura-del-mercado-municipal\/","title":{"rendered":"PRODUCTORES CELEBRARON LA REAPERTURA DEL MERCADO MUNICIPAL"},"content":{"rendered":"<h4><span style=\"color: #000000;\">Ciudad celebra la reapertura del Mercado Municipal, un espacio renovado que alberga a productores y emprendedores locales. <\/span><\/h4>\n<p><span style=\"color: #000000;\">Este emblem\u00e1tico local, ubicado en el coraz\u00f3n de la ciudad, <strong>hab\u00eda sufrido ataques vand\u00e1licos que llevaron a la necesidad de realizar una importante inversi\u00f3n en seguridad para garantizar la protecci\u00f3n de todos sus visitantes y comerciantes.<\/strong><\/span><\/p>\n<p><span style=\"color: #000000;\">La reinauguraci\u00f3n del mercado fue un evento muy esperado, con la participaci\u00f3n de artesanos y productores locales que exhibieron una amplia variedad de productos regionales.<strong> La Secretar\u00eda de Desarrollo ha trabajado incansablemente con emprendedores para fomentar el crecimiento y la visibilidad de sus iniciativas,<\/strong> lo que se reflej\u00f3 en la gran variedad de ofertas presentadas durante este d\u00eda especial.<\/span><\/p>\n<p><a href=\"https:\/\/vinasfm.com\/noticias\/wp-content\/uploads\/2024\/08\/WhatsApp-Image-2024-08-05-at-12.18.24.jpeg\"><img loading=\"lazy\" decoding=\"async\" class=\"alignnone wp-image-138143\" src=\"https:\/\/vinasfm.com\/noticias\/wp-content\/uploads\/2024\/08\/WhatsApp-Image-2024-08-05-at-12.18.24-1024x576.jpeg\" alt=\"\" width=\"444\" height=\"250\" srcset=\"https:\/\/vinasfm.com\/noticias\/wp-content\/uploads\/2024\/08\/WhatsApp-Image-2024-08-05-at-12.18.24-1024x576.jpeg 1024w, https:\/\/vinasfm.com\/noticias\/wp-content\/uploads\/2024\/08\/WhatsApp-Image-2024-08-05-at-12.18.24-300x169.jpeg 300w, https:\/\/vinasfm.com\/noticias\/wp-content\/uploads\/2024\/08\/WhatsApp-Image-2024-08-05-at-12.18.24-768x432.jpeg 768w, https:\/\/vinasfm.com\/noticias\/wp-content\/uploads\/2024\/08\/WhatsApp-Image-2024-08-05-at-12.18.24-1536x864.jpeg 1536w, https:\/\/vinasfm.com\/noticias\/wp-content\/uploads\/2024\/08\/WhatsApp-Image-2024-08-05-at-12.18.24-750x420.jpeg 750w, https:\/\/vinasfm.com\/noticias\/wp-content\/uploads\/2024\/08\/WhatsApp-Image-2024-08-05-at-12.18.24-1140x641.jpeg 1140w, https:\/\/vinasfm.com\/noticias\/wp-content\/uploads\/2024\/08\/WhatsApp-Image-2024-08-05-at-12.18.24.jpeg 1600w\" sizes=\"auto, (max-width: 444px) 100vw, 444px\" \/><\/a> <a href=\"https:\/\/vinasfm.com\/noticias\/wp-content\/uploads\/2024\/08\/WhatsApp-Image-2024-08-05-at-12.18.23-1.jpeg\"><img loading=\"lazy\" decoding=\"async\" class=\"alignnone wp-image-138144\" src=\"https:\/\/vinasfm.com\/noticias\/wp-content\/uploads\/2024\/08\/WhatsApp-Image-2024-08-05-at-12.18.23-1-1024x720.jpeg\" alt=\"\" width=\"356\" height=\"250\" srcset=\"https:\/\/vinasfm.com\/noticias\/wp-content\/uploads\/2024\/08\/WhatsApp-Image-2024-08-05-at-12.18.23-1-1024x720.jpeg 1024w, https:\/\/vinasfm.com\/noticias\/wp-content\/uploads\/2024\/08\/WhatsApp-Image-2024-08-05-at-12.18.23-1-300x211.jpeg 300w, https:\/\/vinasfm.com\/noticias\/wp-content\/uploads\/2024\/08\/WhatsApp-Image-2024-08-05-at-12.18.23-1-768x540.jpeg 768w, https:\/\/vinasfm.com\/noticias\/wp-content\/uploads\/2024\/08\/WhatsApp-Image-2024-08-05-at-12.18.23-1-1536x1080.jpeg 1536w, https:\/\/vinasfm.com\/noticias\/wp-content\/uploads\/2024\/08\/WhatsApp-Image-2024-08-05-at-12.18.23-1.jpeg 1600w\" sizes=\"auto, (max-width: 356px) 100vw, 356px\" \/><\/a> <a href=\"https:\/\/vinasfm.com\/noticias\/wp-content\/uploads\/2024\/08\/WhatsApp-Image-2024-08-05-at-12.18.22-1.jpeg\"><img loading=\"lazy\" decoding=\"async\" class=\"alignnone wp-image-138145\" src=\"https:\/\/vinasfm.com\/noticias\/wp-content\/uploads\/2024\/08\/WhatsApp-Image-2024-08-05-at-12.18.22-1-1024x576.jpeg\" alt=\"\" width=\"418\" height=\"235\" srcset=\"https:\/\/vinasfm.com\/noticias\/wp-content\/uploads\/2024\/08\/WhatsApp-Image-2024-08-05-at-12.18.22-1-1024x576.jpeg 1024w, https:\/\/vinasfm.com\/noticias\/wp-content\/uploads\/2024\/08\/WhatsApp-Image-2024-08-05-at-12.18.22-1-300x169.jpeg 300w, https:\/\/vinasfm.com\/noticias\/wp-content\/uploads\/2024\/08\/WhatsApp-Image-2024-08-05-at-12.18.22-1-768x432.jpeg 768w, https:\/\/vinasfm.com\/noticias\/wp-content\/uploads\/2024\/08\/WhatsApp-Image-2024-08-05-at-12.18.22-1-1536x864.jpeg 1536w, https:\/\/vinasfm.com\/noticias\/wp-content\/uploads\/2024\/08\/WhatsApp-Image-2024-08-05-at-12.18.22-1-750x420.jpeg 750w, https:\/\/vinasfm.com\/noticias\/wp-content\/uploads\/2024\/08\/WhatsApp-Image-2024-08-05-at-12.18.22-1-1140x641.jpeg 1140w, https:\/\/vinasfm.com\/noticias\/wp-content\/uploads\/2024\/08\/WhatsApp-Image-2024-08-05-at-12.18.22-1.jpeg 1600w\" sizes=\"auto, (max-width: 418px) 100vw, 418px\" \/><\/a> <a href=\"https:\/\/vinasfm.com\/noticias\/wp-content\/uploads\/2024\/08\/WhatsApp-Image-2024-08-05-at-12.18.22.jpeg\"><img loading=\"lazy\" decoding=\"async\" class=\"alignnone wp-image-138147\" src=\"https:\/\/vinasfm.com\/noticias\/wp-content\/uploads\/2024\/08\/WhatsApp-Image-2024-08-05-at-12.18.22-1024x576.jpeg\" alt=\"\" width=\"418\" height=\"235\" srcset=\"https:\/\/vinasfm.com\/noticias\/wp-content\/uploads\/2024\/08\/WhatsApp-Image-2024-08-05-at-12.18.22-1024x576.jpeg 1024w, https:\/\/vinasfm.com\/noticias\/wp-content\/uploads\/2024\/08\/WhatsApp-Image-2024-08-05-at-12.18.22-300x169.jpeg 300w, https:\/\/vinasfm.com\/noticias\/wp-content\/uploads\/2024\/08\/WhatsApp-Image-2024-08-05-at-12.18.22-768x432.jpeg 768w, https:\/\/vinasfm.com\/noticias\/wp-content\/uploads\/2024\/08\/WhatsApp-Image-2024-08-05-at-12.18.22-1536x864.jpeg 1536w, https:\/\/vinasfm.com\/noticias\/wp-content\/uploads\/2024\/08\/WhatsApp-Image-2024-08-05-at-12.18.22-750x420.jpeg 750w, https:\/\/vinasfm.com\/noticias\/wp-content\/uploads\/2024\/08\/WhatsApp-Image-2024-08-05-at-12.18.22-1140x641.jpeg 1140w, https:\/\/vinasfm.com\/noticias\/wp-content\/uploads\/2024\/08\/WhatsApp-Image-2024-08-05-at-12.18.22.jpeg 1600w\" sizes=\"auto, (max-width: 418px) 100vw, 418px\" \/><\/a><\/p>\n<h6>Reapertura del Mercado Municipal: celebraci\u00f3n y apoyo a productores locales<\/h6>\n<p><span style=\"color: #000000;\"><em><strong>\u201cEstamos disfrutando la reapertura de este mercado, que es tan tradicional. Con la convocatoria de artesanos, productores locales. Tenemos muchos emprendedores, artesanos, productores; una amplia variedad de productos que el ciudadano en general puede venir a consumir\u201d<\/strong><\/em>, dijo el<strong> Director de <span style=\"color: #003366;\">Agricultura Agust\u00edn Anzorena.<\/span><\/strong><\/span><\/p>\n<p><span style=\"color: #000000;\">El intendente Alejandro Molero estuvo presente en la ceremonia de reapertura, destacando la importancia de este espacio para la comunidad y el apoyo constante a los emprendedores locales.<em><strong> \u00abEl Mercado Municipal es un s\u00edmbolo de nuestra identidad y un lugar donde todos podemos unirnos para celebrar lo mejor que nuestra regi\u00f3n tiene para ofrecer\u00bb<\/strong><\/em>, afirm\u00f3 <span style=\"color: #003366;\"><strong>Molero.<\/strong><\/span><\/span><\/p>\n<p><span style=\"color: #000000;\">La jornada tambi\u00e9n incluy\u00f3 un show musical que anim\u00f3 el ambiente y atrajo a numerosos vecinos, quienes aprovecharon la oportunidad para adquirir productos frescos y artesanales, apoyando as\u00ed a los productores locales. La gran afluencia de p\u00fablico fue testigo del entusiasmo por el renacer del mercado, convirti\u00e9ndose en un punto de encuentro entre la comunidad y sus emprendedores.<\/span><\/p>\n<p><span style=\"color: #000000;\"><strong><span style=\"color: #003366;\">Julieta<\/span>, desde \u201cManjares de Pueblo\u201d<\/strong> se mostr\u00f3 conforme con esta reapertura y cont\u00f3 que su emprendimiento que ofrece frutas, frutas secas, aceites, conservas, dulces y miel en el Mercado Municipal. <\/span><span style=\"color: #000000;\"><em><strong>\u201cEstamos felices por las renovaciones y la seguridad mejorada en el lugar\u201d<\/strong><\/em>, explic\u00f3.<\/span><\/p>\n","protected":false},"excerpt":{"rendered":"<p>Ciudad celebra la reapertura del Mercado Municipal, un espacio renovado que alberga a productores y emprendedores locales. Este emblem\u00e1tico local, ubicado &#8230;<\/p>\n","protected":false},"author":7,"featured_media":138140,"comment_status":"open","ping_status":"open","sticky":false,"template":"","format":"standard","meta":{"footnotes":""},"categories":[5,78],"tags":[],"class_list":["post-138139","post","type-post","status-publish","format-standard","has-post-thumbnail","hentry","category-actualidad","category-municipalidad"],"_links":{"self":[{"href":"https:\/\/vinasfm.com\/noticias\/wp-json\/wp\/v2\/posts\/138139","targetHints":{"allow":["GET"]}}],"collection":[{"href":"https:\/\/vinasfm.com\/noticias\/wp-json\/wp\/v2\/posts"}],"about":[{"href":"https:\/\/vinasfm.com\/noticias\/wp-json\/wp\/v2\/types\/post"}],"author":[{"embeddable":true,"href":"https:\/\/vinasfm.com\/noticias\/wp-json\/wp\/v2\/users\/7"}],"replies":[{"embeddable":true,"href":"https:\/\/vinasfm.com\/noticias\/wp-json\/wp\/v2\/comments?post=138139"}],"version-history":[{"count":3,"href":"https:\/\/vinasfm.com\/noticias\/wp-json\/wp\/v2\/posts\/138139\/revisions"}],"predecessor-version":[{"id":138149,"href":"https:\/\/vinasfm.com\/noticias\/wp-json\/wp\/v2\/posts\/138139\/revisions\/138149"}],"wp:featuredmedia":[{"embeddable":true,"href":"https:\/\/vinasfm.com\/noticias\/wp-json\/wp\/v2\/media\/138140"}],"wp:attachment":[{"href":"https:\/\/vinasfm.com\/noticias\/wp-json\/wp\/v2\/media?parent=138139"}],"wp:term":[{"taxonomy":"category","embeddable":true,"href":"https:\/\/vinasfm.com\/noticias\/wp-json\/wp\/v2\/categories?post=138139"},{"taxonomy":"post_tag","embeddable":true,"href":"https:\/\/vinasfm.com\/noticias\/wp-json\/wp\/v2\/tags?post=138139"}],"curies":[{"name":"wp","href":"https:\/\/api.w.org\/{rel}","templated":true}]}}