{"id":138132,"date":"2024-08-06T09:14:16","date_gmt":"2024-08-06T12:14:16","guid":{"rendered":"https:\/\/vinasfm.com\/noticias\/?p=138132"},"modified":"2024-08-07T10:02:33","modified_gmt":"2024-08-07T13:02:33","slug":"un-incendio-causo-importantes-danos-en-una-vivienda-ubicada-en-los-compartos","status":"publish","type":"post","link":"https:\/\/vinasfm.com\/noticias\/un-incendio-causo-importantes-danos-en-una-vivienda-ubicada-en-los-compartos\/","title":{"rendered":"UN INCENDIO CAUS\u00d3 IMPORTANTES DA\u00d1OS EN UNA VIVIENDA UBICADA EN LOS COMPARTOS"},"content":{"rendered":"<h4><span style=\"color: #000000;\">El hecho ocurri\u00f3 en la noche del lunes, en inmediaciones de Calle 10 entre G y F.<\/span><\/h4>\n<p><span style=\"color: #000000;\">Cerca de las 21:00 horas se toma conocimiento de un incendio ocurrido en una propiedad ubicada en Calle 10 entre F y G, propiedad de Efra\u00edn Boutinski. En el lugar, la v\u00edctima dio cuenta que<strong> el fuego inici\u00f3 en la parte trasera de la vivienta y luego se extendi\u00f3 hacia un galp\u00f3n<\/strong> en donde se produjo la <strong>destrucci\u00f3n total de varios elementos<\/strong> que se encontraban en su interior como una camioneta F 100 y distintos elementos de trabajo.<\/span><\/p>\n<p>&nbsp;<\/p>\n<p>&nbsp;<\/p>\n","protected":false},"excerpt":{"rendered":"<p>El hecho ocurri\u00f3 en la noche del lunes, en inmediaciones de Calle 10 entre G y F. Cerca de las 21:00 &#8230;<\/p>\n","protected":false},"author":7,"featured_media":138134,"comment_status":"open","ping_status":"open","sticky":false,"template":"","format":"standard","meta":{"footnotes":""},"categories":[5,4],"tags":[],"class_list":["post-138132","post","type-post","status-publish","format-standard","has-post-thumbnail","hentry","category-actualidad","category-policiales"],"_links":{"self":[{"href":"https:\/\/vinasfm.com\/noticias\/wp-json\/wp\/v2\/posts\/138132","targetHints":{"allow":["GET"]}}],"collection":[{"href":"https:\/\/vinasfm.com\/noticias\/wp-json\/wp\/v2\/posts"}],"about":[{"href":"https:\/\/vinasfm.com\/noticias\/wp-json\/wp\/v2\/types\/post"}],"author":[{"embeddable":true,"href":"https:\/\/vinasfm.com\/noticias\/wp-json\/wp\/v2\/users\/7"}],"replies":[{"embeddable":true,"href":"https:\/\/vinasfm.com\/noticias\/wp-json\/wp\/v2\/comments?post=138132"}],"version-history":[{"count":3,"href":"https:\/\/vinasfm.com\/noticias\/wp-json\/wp\/v2\/posts\/138132\/revisions"}],"predecessor-version":[{"id":138137,"href":"https:\/\/vinasfm.com\/noticias\/wp-json\/wp\/v2\/posts\/138132\/revisions\/138137"}],"wp:featuredmedia":[{"embeddable":true,"href":"https:\/\/vinasfm.com\/noticias\/wp-json\/wp\/v2\/media\/138134"}],"wp:attachment":[{"href":"https:\/\/vinasfm.com\/noticias\/wp-json\/wp\/v2\/media?parent=138132"}],"wp:term":[{"taxonomy":"category","embeddable":true,"href":"https:\/\/vinasfm.com\/noticias\/wp-json\/wp\/v2\/categories?post=138132"},{"taxonomy":"post_tag","embeddable":true,"href":"https:\/\/vinasfm.com\/noticias\/wp-json\/wp\/v2\/tags?post=138132"}],"curies":[{"name":"wp","href":"https:\/\/api.w.org\/{rel}","templated":true}]}}