{"id":138130,"date":"2024-08-06T09:01:50","date_gmt":"2024-08-06T12:01:50","guid":{"rendered":"https:\/\/vinasfm.com\/noticias\/?p=138130"},"modified":"2024-08-07T10:02:48","modified_gmt":"2024-08-07T13:02:48","slug":"venian-desde-mar-del-plata-y-volcaron-en-la-ruta-188","status":"publish","type":"post","link":"https:\/\/vinasfm.com\/noticias\/venian-desde-mar-del-plata-y-volcaron-en-la-ruta-188\/","title":{"rendered":"VEN\u00cdAN DESDE MAR DEL PLATA Y VOLCARON EN LA RUTA 188"},"content":{"rendered":"<h4><span style=\"color: #000000;\">El siniestro vial se produjo en la madrugada de este martes, en Ruta Nacional 188 kil\u00f3metro 770.\u00a0<\/span><\/h4>\n<p><span style=\"color: #000000;\">Seg\u00fan se dio a conocer, <strong>el veh\u00edculo ciculaba en direcci\u00f3n hacia el Oeste<\/strong>, con cuatro ocupantes oriundos de Mar del Plata. Por motivos que se tratan de establecer, <strong>la conductora del Ford Fiesta Max perdi\u00f3 el dominio del rodado prociendo el vuelco a un costado de la Ruta.<\/strong><\/span><\/p>\n<p><span style=\"color: #000000;\">Producto del siniestro solo <strong>result\u00f3 lesionada la conductora (46) con heridas leves.<\/strong> Adem\u00e1s, desde la Polic\u00eda Deparamental confirmaron que <strong>no hubo interenci\u00f3n de un tercero.\u00a0<\/strong><\/span><\/p>\n","protected":false},"excerpt":{"rendered":"<p>El siniestro vial se produjo en la madrugada de este martes, en Ruta Nacional 188 kil\u00f3metro 770.\u00a0 Seg\u00fan se dio a &#8230;<\/p>\n","protected":false},"author":7,"featured_media":138153,"comment_status":"open","ping_status":"open","sticky":false,"template":"","format":"standard","meta":{"footnotes":""},"categories":[5,184],"tags":[],"class_list":["post-138130","post","type-post","status-publish","format-standard","has-post-thumbnail","hentry","category-actualidad","category-siniestro-vial"],"_links":{"self":[{"href":"https:\/\/vinasfm.com\/noticias\/wp-json\/wp\/v2\/posts\/138130","targetHints":{"allow":["GET"]}}],"collection":[{"href":"https:\/\/vinasfm.com\/noticias\/wp-json\/wp\/v2\/posts"}],"about":[{"href":"https:\/\/vinasfm.com\/noticias\/wp-json\/wp\/v2\/types\/post"}],"author":[{"embeddable":true,"href":"https:\/\/vinasfm.com\/noticias\/wp-json\/wp\/v2\/users\/7"}],"replies":[{"embeddable":true,"href":"https:\/\/vinasfm.com\/noticias\/wp-json\/wp\/v2\/comments?post=138130"}],"version-history":[{"count":3,"href":"https:\/\/vinasfm.com\/noticias\/wp-json\/wp\/v2\/posts\/138130\/revisions"}],"predecessor-version":[{"id":138155,"href":"https:\/\/vinasfm.com\/noticias\/wp-json\/wp\/v2\/posts\/138130\/revisions\/138155"}],"wp:featuredmedia":[{"embeddable":true,"href":"https:\/\/vinasfm.com\/noticias\/wp-json\/wp\/v2\/media\/138153"}],"wp:attachment":[{"href":"https:\/\/vinasfm.com\/noticias\/wp-json\/wp\/v2\/media?parent=138130"}],"wp:term":[{"taxonomy":"category","embeddable":true,"href":"https:\/\/vinasfm.com\/noticias\/wp-json\/wp\/v2\/categories?post=138130"},{"taxonomy":"post_tag","embeddable":true,"href":"https:\/\/vinasfm.com\/noticias\/wp-json\/wp\/v2\/tags?post=138130"}],"curies":[{"name":"wp","href":"https:\/\/api.w.org\/{rel}","templated":true}]}}