{"id":138125,"date":"2024-08-06T08:47:00","date_gmt":"2024-08-06T11:47:00","guid":{"rendered":"https:\/\/vinasfm.com\/noticias\/?p=138125"},"modified":"2024-08-07T10:03:09","modified_gmt":"2024-08-07T13:03:09","slug":"bulrich-visito-el-laboratorio-de-registro-de-huellas-geneticas-de-mendoza","status":"publish","type":"post","link":"https:\/\/vinasfm.com\/noticias\/bulrich-visito-el-laboratorio-de-registro-de-huellas-geneticas-de-mendoza\/","title":{"rendered":"BULLRICH VISIT\u00d3 EL LABORATORIO DE REGISTRO DE HUELLAS GEN\u00c9TICAS DE MENDOZA"},"content":{"rendered":"<h4><span style=\"color: #000000;\">Se trata de la base de datos m\u00e1s grande de Am\u00e9rica Latina, ya que se han podido registrar m\u00e1s de 87 mil perfiles gen\u00e9ticos. El Gobierno nacional tom\u00f3 como ejemplo este modelo para aplicarlo en el resto del pa\u00eds, a trav\u00e9s de una ley que el mi\u00e9rcoles se tratar\u00e1 en el Congreso de la Naci\u00f3n.<\/span><\/h4>\n<p><span style=\"color: #000000;\">El <span style=\"color: #003366;\"><strong>Gobernador Alfredo Cornejo<\/strong><\/span> acompa\u00f1\u00f3 a la <strong>ministra de Seguridad de la Naci\u00f3n<\/strong>, <span style=\"color: #003366;\"><strong>Patricia Bullrich,<\/strong><\/span> durante el recorrido que realiz\u00f3 por el laboratorio del<strong> Registro de Huellas Gen\u00e9ticas de Mendoza.<\/strong> Lo hicieron junto al <strong>presidente de la Suprema Corte de Justicia de la Provincia, <span style=\"color: #003366;\">Dalmiro Garay<\/span><\/strong>, y el <strong>procurador general del Ministerio P\u00fablico Fiscal, <span style=\"color: #003366;\">Alejandro Gull\u00e9<\/span><\/strong><span style=\"color: #003366;\">:<\/span> <strong>la vicegobernadora, <span style=\"color: #003366;\">Hebe Casado;<\/span> el secretario de Articulaci\u00f3n Federal, <span style=\"color: #003366;\">N\u00e9stor Majul;<\/span> y el legislador nacional,<span style=\"color: #003366;\"> Lisandro Nieri.<\/span><\/strong><\/span><\/p>\n<p><span style=\"color: #000000;\">El laboratorio, ubicado en calle Belgrano y Virgen del Carmen de Cuyo de la Ciudad de Mendoza, es el registro de huellas gen\u00e9ticas m\u00e1s importante de Sudam\u00e9rica. <strong>Comenz\u00f3 a funcionar en noviembre de 2016 y desde su creaci\u00f3n ha logrado registrar m\u00e1s de 87 mil perfiles gen\u00e9ticos<\/strong> e intervenir con pruebas clave en 4 mil causas resueltas por la Justicia de Mendoza.\u00a0<\/span><\/p>\n<h2><span style=\"color: #000000;\"><strong>\u201cEs un paso muy profundo para la investigaci\u00f3n criminal\u201d<\/strong><\/span><\/h2>\n<p><span style=\"color: #000000;\">Luego de la recorrida, Bulllrich puso a Mendoza como ejemplo a imitar en todo el pa\u00eds en numerosos aspectos, pero destac\u00f3 el Registro de Huellas Gen\u00e9ticas y varias medidas en materia de prevenci\u00f3n y represi\u00f3n del delito. Coment\u00f3 que <strong>el Congreso tratar\u00e1 el mi\u00e9rcoles este proyecto<\/strong> para que todos los imputados formen parte del registro de ADN y una segunda iniciativa para la regularizaci\u00f3n de la tenencia de armas.<\/span><\/p>\n<p><span style=\"color: #000000;\"><em><strong>\u201cEso va a generar que la experiencia mendocina, que es pionera con la mayor cantidad de muestras de Am\u00e9rica Latina, comience a ser un mecanismo de prueba tanto para la culpabilidad como para la inocencia o la b\u00fasqueda de personas\u201d<\/strong><\/em>, dijo la ministra.\u00a0<\/span><\/p>\n<p><span style=\"color: #000000;\">En este sentido, la titular de la cartera nacional de Seguridad se\u00f1al\u00f3 tambi\u00e9n que desde la Naci\u00f3n buscan <em><strong>\u201cdar este salto de modernizaci\u00f3n y de mejor eficiencia que es, en definitiva, una herramienta contra la impunidad y para eficientizar la resoluci\u00f3n de los delitos cometidos. Es un paso muy profundo para la investigaci\u00f3n criminal\u201d.\u00a0<\/strong><\/em><\/span><\/p>\n<p><span style=\"color: #000000;\">Bullrich asegur\u00f3 que hay provincias con leyes similares, pero asegur\u00f3 que <em><strong>\u201cno hay una gesti\u00f3n tan eficiente como la de ac\u00e1, porque lo importante es la recolecci\u00f3n de las muestras, el cuidado de las muestras y la profesionalidad con la que se lleva adelante todo el proceso\u201d.\u00a0<\/strong><\/em><\/span><\/p>\n<p><img loading=\"lazy\" decoding=\"async\" class=\"\" src=\"https:\/\/www.mendoza.gov.ar\/wp-content\/uploads\/sites\/5\/2024\/08\/DSC07433-700x468.jpg\" width=\"600\" height=\"401\" \/><\/p>\n<h6><span style=\"color: #000000;\"><strong>El Congreso tratar\u00e1 el mi\u00e9rcoles el proyecto<\/strong> para que los imputados formen parte del registro de ADN.<\/span><\/h6>\n<h2><span style=\"color: #000000;\">\u201c<strong>Se han esclarecido 4.500 investigaciones<\/strong>\u201c<\/span><\/h2>\n<p><span style=\"color: #000000;\">Por su parte, el <strong><span style=\"color: #003366;\">Gobernador Cornejo<\/span><\/strong> destac\u00f3 que ser\u00eda muy importante que desde Naci\u00f3n puedan implementar el modelo que surgi\u00f3 en Mendoza. <strong>\u201cA nosotros nos parece muy relevante que la Naci\u00f3n tome este proyecto no solo para la seguridad de la Naci\u00f3n sino tambi\u00e9n para la seguridad de Mendoza\u201d<\/strong>, dijo. Y a\u00f1adi\u00f3 que es importante que se haga en el resto de las provincias y en el pa\u00eds para los delitos federales,<em><strong> \u201cporque nutre nuestra base de datos\u201d.\u00a0<\/strong><\/em><\/span><\/p>\n<p><span style=\"color: #000000;\">Asimismo, resalt\u00f3 el trabajo realizado por el Ministerio P\u00fablico Fiscal y el laboratorio en particular, ya que se\u00f1al\u00f3 que<em><strong> \u201ccon esto se han logrado esclarecimientos con pruebas indubitables. Ha sido muy exitoso, muy reconocido incluso internacionalmente\u201d.<\/strong><\/em> A esto le puso n\u00fameros y explic\u00f3 que en los siete a\u00f1os que llevamos con el laboratorio hubo 1.063\u00a0<em>matchs\u00a0<\/em>(coincidencias)<em>\u00a0<\/em>positivos, que han impactado en m\u00e1s de 4.500 causas. <em><strong>\u201cEs decir, se han esclarecido 4.500 investigaciones gracias a esos\u00a0matchs\u00a0positivos\u201d<\/strong><\/em>, afirm\u00f3.<\/span><\/p>\n<p><span style=\"color: #000000;\">El mandatario tambi\u00e9n cont\u00f3 que se contin\u00faa perfeccionando el laboratorio y, as\u00ed, creciendo gracias al mayor y mejor equipamiento que posee. <em><strong>\u201cEs muy relevante que esto vaya creciendo paulatinamente. Nosotros hemos crecido muy r\u00e1pido, con una progresi\u00f3n r\u00e1pida, pero aspiramos a llegar al 10% de la poblaci\u00f3n cargada, algo que solo lo tiene Inglaterra en este momento\u201d.<\/strong><\/em><\/span><\/p>\n<p><span style=\"color: #000000;\">Seg\u00fan explic\u00f3 el mandatario mendocino, desde la Provincia <em><strong>\u201cqueremos tener una base de datos m\u00e1s amplia y, para eso, necesitamos la colaboraci\u00f3n de otras provincias\u201d.<\/strong><\/em> As\u00ed, record\u00f3 el caso de un grupo de tucumanos que vino a Mendoza y realiz\u00f3 numerosas entraderas.<\/span><\/p>\n<p><span style=\"color: #000000;\">Por su parte, el <strong>director del Registro Provincial de Huellas Gen\u00e9ticas Digitalizadas, <span style=\"color: #003366;\">Miguel Marino<\/span><\/strong>, explic\u00f3 c\u00f3mo funciona el laboratorio y remarc\u00f3 que primero llega la evidencia, se la analiza, se la tipifica y, posteriormente, cuando entra a la base de datos, se coteja su identidad. <em><strong>\u201cEso ha permitido el esclarecimiento de much\u00edsimos hechos y es para Mendoza una herramienta fundamental porque acelera tambi\u00e9n mucho los tiempos de la administraci\u00f3n de justicia\u201d.<\/strong><\/em><\/span><\/p>\n<p><img loading=\"lazy\" decoding=\"async\" class=\"\" src=\"https:\/\/www.mendoza.gov.ar\/wp-content\/uploads\/sites\/5\/2024\/08\/DSC07469-700x468.jpg\" width=\"598\" height=\"400\" \/><\/p>\n<h6><span style=\"color: #000000;\">El Registro es <strong>una herramienta fundamental que acelera los tiempos de la administraci\u00f3n de justicia.<\/strong><\/span><\/h6>\n<h2><span style=\"color: #000000;\"><strong>Estad\u00edsticas<\/strong><\/span><\/h2>\n<p><span style=\"color: #000000;\">En otro paso de la conferencia, <strong><span style=\"color: #003366;\">Cornejo<\/span><\/strong> se\u00f1al\u00f3 que en Mendoza ha bajado la cantidad de delitos violentos.<em><strong> \u201cEstamos satisfechos de haber bajado en este aspecto, porque hay una pol\u00edtica sistem\u00e1tica y hay un plan\u201d<\/strong><\/em>, dijo, y mencion\u00f3 que el laboratorio es parte del plan.\u00a0<\/span><\/p>\n<p><span style=\"color: #000000;\">Ante esto, el Gobernador expres\u00f3 que est\u00e1 <em><strong>\u201crelativamente conforme\u201d<\/strong><\/em>, ya que busca bajar a\u00fan m\u00e1s estas estad\u00edsticas a tasas europeas.<em><strong> \u201cAhora, en el resto de los delitos, hay crecimientos y decrecimientos en robos simples, en hurtos, est\u00e1 muy atado a la inflaci\u00f3n. El robo habitual es el de tel\u00e9fonos m\u00f3viles, el de neum\u00e1ticos, el de autos, autopartes, el de la zona rural de elementos de trabajo\u201d<\/strong><\/em>, afirm\u00f3 Cornejo.<\/span><\/p>\n<p><span style=\"color: #000000;\">Cornejo aprovech\u00f3 la oportunidad para mencionar que la baja de los delitos violentos y otros en Mendoza se debe<em><strong> \u201ca que en el gobierno de mi primera gesti\u00f3n, diciembre del 2015 al 2019, hab\u00eda 3.900 personas privadas de la libertad y hoy hay m\u00e1s de 7.300\u201d.<\/strong><\/em><\/span><\/p>\n<p><span style=\"color: #000000;\"><strong>Otras medidas en Mendoza<\/strong><\/span><\/p>\n<p><span style=\"color: #000000;\">El mandatario tambi\u00e9n record\u00f3 que se incrementaron los controles de alcoholemia en las calles y rutas mendocinas.<em><strong> \u201cNo le otorguemos tanto poder al Estado y a los gobiernos de turno sobre este problema, sino tambi\u00e9n traslademos la responsabilidad a las personas, que sabiendo que pueden cometer un delito, teniendo incentivos negativos, duros, como c\u00e1rcel, siguen conduciendo ebrios\u201d<\/strong><\/em>, dijo al hacer referencia al aumento de casos en los \u00faltimos meses.<\/span><\/p>\n<p><span style=\"color: #000000;\">Adem\u00e1s, record\u00f3 el caso del\u00a0<em>sommelier\u00a0<\/em>que atropell\u00f3 al agente de tr\u00e1nsito de Godoy Cruz y al polic\u00eda de la provincia de Mendoza. Mencion\u00f3 que est\u00e1 preso y va a ser probablemente el primer caso elevado a juicio por jurado. <em><strong>\u201cSabiendo que hay incentivos tan fuertes y negativos, sigue habiendo gente que maneja alcoholizada, con un l\u00edmite de alcohol por encima del 0,5\u201d<\/strong><\/em>, dijo Cornejo, y reiter\u00f3 que \u201c<em><strong>tambi\u00e9n hay que devolver la responsabilidad a la sociedad, porque hemos incrementado los controles y han aparecido muchos m\u00e1s casos\u201d.<\/strong><\/em><\/span><\/p>\n<p><span style=\"color: #000000;\">Cornejo denomin\u00f3 esta situaci\u00f3n como <em><strong>\u201cuna epidemia social\u201d<\/strong> <\/em>y afirm\u00f3 que desde el Gobierno provincial <strong>\u201cvamos a seguir muy r\u00edgidos con los controles y aplicaremos dos leyes que son recientes, una del Ministerio de Seguridad y otra de la cartera de Salud, a trav\u00e9s de las cuales le vamos a cobrar el costo de internaci\u00f3n a los responsables de infracciones de este tipo\u201d.<\/strong><\/span><\/p>\n<p><span style=\"color: #000000;\">Ante la consulta, Cornejo tambi\u00e9n habl\u00f3 del crecimiento del narcotr\u00e1fico en el pa\u00eds: \u201c<em><strong>Nosotros tenemos una dificultad, que la tienen todas las ciudades, que es el narcomenudeo. Hay gente que tiene m\u00e1s incentivos por trabajar en el narcomenudeo que tener un trabajo legal y formal, en blanco o en negro, cuentapropista o no, porque pr\u00e1cticamente no est\u00e1 penado. El consumo de drogas es alt\u00edsimo y est\u00e1 socialmente muy asumido\u201d.<\/strong><\/em><\/span><\/p>\n","protected":false},"excerpt":{"rendered":"<p>Se trata de la base de datos m\u00e1s grande de Am\u00e9rica Latina, ya que se han podido registrar m\u00e1s de 87 &#8230;<\/p>\n","protected":false},"author":7,"featured_media":138126,"comment_status":"open","ping_status":"open","sticky":false,"template":"","format":"standard","meta":{"footnotes":""},"categories":[5,33],"tags":[],"class_list":["post-138125","post","type-post","status-publish","format-standard","has-post-thumbnail","hentry","category-actualidad","category-seguridad"],"_links":{"self":[{"href":"https:\/\/vinasfm.com\/noticias\/wp-json\/wp\/v2\/posts\/138125","targetHints":{"allow":["GET"]}}],"collection":[{"href":"https:\/\/vinasfm.com\/noticias\/wp-json\/wp\/v2\/posts"}],"about":[{"href":"https:\/\/vinasfm.com\/noticias\/wp-json\/wp\/v2\/types\/post"}],"author":[{"embeddable":true,"href":"https:\/\/vinasfm.com\/noticias\/wp-json\/wp\/v2\/users\/7"}],"replies":[{"embeddable":true,"href":"https:\/\/vinasfm.com\/noticias\/wp-json\/wp\/v2\/comments?post=138125"}],"version-history":[{"count":2,"href":"https:\/\/vinasfm.com\/noticias\/wp-json\/wp\/v2\/posts\/138125\/revisions"}],"predecessor-version":[{"id":138129,"href":"https:\/\/vinasfm.com\/noticias\/wp-json\/wp\/v2\/posts\/138125\/revisions\/138129"}],"wp:featuredmedia":[{"embeddable":true,"href":"https:\/\/vinasfm.com\/noticias\/wp-json\/wp\/v2\/media\/138126"}],"wp:attachment":[{"href":"https:\/\/vinasfm.com\/noticias\/wp-json\/wp\/v2\/media?parent=138125"}],"wp:term":[{"taxonomy":"category","embeddable":true,"href":"https:\/\/vinasfm.com\/noticias\/wp-json\/wp\/v2\/categories?post=138125"},{"taxonomy":"post_tag","embeddable":true,"href":"https:\/\/vinasfm.com\/noticias\/wp-json\/wp\/v2\/tags?post=138125"}],"curies":[{"name":"wp","href":"https:\/\/api.w.org\/{rel}","templated":true}]}}