{"id":138111,"date":"2024-08-05T16:21:07","date_gmt":"2024-08-05T19:21:07","guid":{"rendered":"https:\/\/vinasfm.com\/noticias\/?p=138111"},"modified":"2024-08-07T10:03:58","modified_gmt":"2024-08-07T13:03:58","slug":"carmensa-fusionaran-osep-con-el-centro-de-salud-hay-malestar-en-los-vecinos","status":"publish","type":"post","link":"https:\/\/vinasfm.com\/noticias\/carmensa-fusionaran-osep-con-el-centro-de-salud-hay-malestar-en-los-vecinos\/","title":{"rendered":"CARMENSA: FUSIONAR\u00c1N OSEP CON EL CENTRO DE SALUD, HAY MALESTAR EN LOS VECINOS"},"content":{"rendered":"<h4>La noticia se conoci\u00f3 hace una semana y gener\u00f3 incomodidad en los vecinos de San Pedro del Atuel.<\/h4>\n<p>Hasta hace algunos d\u00edas la <strong>Obra Social de los Empleados P\u00fablicos<\/strong> funcionaba en la antigua <em><strong>Terminal de \u00d3mnibus de Carmensa<\/strong><\/em>, esto debido a que no contaban con edificio propio. En di\u00e1logo con <span style=\"color: #800080;\">FM VI\u00d1AS<\/span>, <strong><span style=\"color: #003366;\">Ofelia Guti\u00e9rrez<\/span><\/strong> explic\u00f3 que<em><strong> \u00absi bien es un lugar peque\u00f1o resultaba c\u00f3modo para los afiliados\u00bb<\/strong><\/em>, el mencionado espacio contaba con dos consultorios de salud y un \u00e1rea administrativa.<\/p>\n<p>Si bien los vecinos del distrito esperaban que el espacio fuera agrandado para ampliar la comodidad en la atenci\u00f3n, hace una semana se conoci\u00f3 que OSEP ser\u00eda fusionado con el <strong>Centro de Salud N\u00b0 112<\/strong>. <em><strong>\u00abNo hemos recibido ninguna explicaci\u00f3n, no queremos que hagan esto porque no corresponde\u00bb<\/strong><\/em>, se\u00f1al\u00f3 Guti\u00e9rrez y agreg\u00f3 que <em><strong>\u00abel Centro de Salud es un espacio muy chico, los profesionales trabajan con la mejor voluntad pero es inc\u00f3modo y m\u00e1s a\u00fan sumando los pacientes de la Obra Social\u00bb.\u00a0<\/strong><\/em><\/p>\n<p>El Centro de Salud de San Pedro del Atuel funciona con 12 profesionales y m\u00e1s de 800 consultas m\u00e9dicas al mes. Por su parte, la delegaci\u00f3n de OSEP del mencionado distrito cuenta con 3 profesionales y m\u00e1s de 400 afiliados. <strong>La decisi\u00f3n ha sido tomada por la Provincia, generando un sin fin de cuestionamientos.\u00a0<\/strong><\/p>\n<p>Adem\u00e1s, se conoci\u00f3 la renuncia de una importante M\u00e9dica del Centro de Salud a ra\u00edz de esta preocupante situaci\u00f3n. No s\u00e9 descartan m\u00e1s renuncias con el correr de los d\u00edas.<\/p>\n<h6>G. Vallejos<\/h6>\n","protected":false},"excerpt":{"rendered":"<p>La noticia se conoci\u00f3 hace una semana y gener\u00f3 incomodidad en los vecinos de San Pedro del Atuel. Hasta hace algunos &#8230;<\/p>\n","protected":false},"author":7,"featured_media":138112,"comment_status":"open","ping_status":"open","sticky":false,"template":"","format":"standard","meta":{"footnotes":""},"categories":[5,11],"tags":[],"class_list":["post-138111","post","type-post","status-publish","format-standard","has-post-thumbnail","hentry","category-actualidad","category-sociales"],"_links":{"self":[{"href":"https:\/\/vinasfm.com\/noticias\/wp-json\/wp\/v2\/posts\/138111","targetHints":{"allow":["GET"]}}],"collection":[{"href":"https:\/\/vinasfm.com\/noticias\/wp-json\/wp\/v2\/posts"}],"about":[{"href":"https:\/\/vinasfm.com\/noticias\/wp-json\/wp\/v2\/types\/post"}],"author":[{"embeddable":true,"href":"https:\/\/vinasfm.com\/noticias\/wp-json\/wp\/v2\/users\/7"}],"replies":[{"embeddable":true,"href":"https:\/\/vinasfm.com\/noticias\/wp-json\/wp\/v2\/comments?post=138111"}],"version-history":[{"count":2,"href":"https:\/\/vinasfm.com\/noticias\/wp-json\/wp\/v2\/posts\/138111\/revisions"}],"predecessor-version":[{"id":138114,"href":"https:\/\/vinasfm.com\/noticias\/wp-json\/wp\/v2\/posts\/138111\/revisions\/138114"}],"wp:featuredmedia":[{"embeddable":true,"href":"https:\/\/vinasfm.com\/noticias\/wp-json\/wp\/v2\/media\/138112"}],"wp:attachment":[{"href":"https:\/\/vinasfm.com\/noticias\/wp-json\/wp\/v2\/media?parent=138111"}],"wp:term":[{"taxonomy":"category","embeddable":true,"href":"https:\/\/vinasfm.com\/noticias\/wp-json\/wp\/v2\/categories?post=138111"},{"taxonomy":"post_tag","embeddable":true,"href":"https:\/\/vinasfm.com\/noticias\/wp-json\/wp\/v2\/tags?post=138111"}],"curies":[{"name":"wp","href":"https:\/\/api.w.org\/{rel}","templated":true}]}}