{"id":137927,"date":"2024-07-31T08:17:46","date_gmt":"2024-07-31T11:17:46","guid":{"rendered":"https:\/\/vinasfm.com\/noticias\/?p=137927"},"modified":"2024-08-02T08:04:03","modified_gmt":"2024-08-02T11:04:03","slug":"el-gobierno-extendio-la-fecha-para-registrarse-en-el-rase","status":"publish","type":"post","link":"https:\/\/vinasfm.com\/noticias\/el-gobierno-extendio-la-fecha-para-registrarse-en-el-rase\/","title":{"rendered":"EL GOBIERNO EXTENDI\u00d3 LA FECHA PARA REGISTRARSE EN EL RASE"},"content":{"rendered":"<h4><span style=\"color: #000000;\">La Secretar\u00eda de Energ\u00eda busca \u00abdepurar\u00bb el Registro de Acceso a los Subsidios a la Energ\u00eda (RASE) con un minucioso cruce de datos. Hay tiempo hasta el 4 de semptiembre.<\/span><\/h4>\n<article class=\"article-body article-body--first-paragraph content-protected-false\" data-td-script-src=\"https:\/\/www.ambito.com\/td\/modulos\/encuestas\/js\/function-embeds-min-version-1722053241.js\"><span style=\"color: #000000;\">El Gobierno confirm\u00f3 este martes que<strong>\u00a0extender\u00e1 la fecha para anotarse en el RASE<\/strong>\u00a0y\u00a0mantener los subsidios a la luz y el gas. El anuncio lo hizo el <strong>vocero presidencial\u00a0<span style=\"color: #003366;\">Manuel Adorni<\/span>,<\/strong>\u00a0en su habitual conferencia de prensa en Casa Rosada.<\/span><\/article>\n<article class=\"article-body article-body--second-paragraph content-protected-false\"><span style=\"color: #000000;\">De acuerdo a lo indicado por Adorni, <strong>se extiende hasta el 4 de septiembre la inscripci\u00f3n al RASE.<\/strong> De este modo, se prorroga un mes la fecha l\u00edmite para acceder y\/o mantener los beneficios en el precio de los servicios de energ\u00eda residenciales.<\/span><\/p>\n<h2 id=\"subsidio-de-luz-y-gas-como-hacer-el-tramite-para-pagar-la-tarifa-mas-barata\"><span style=\"color: #000000;\">\u00bfC\u00f3mo hacer el tr\u00e1mite para pagar la tarifa m\u00e1s barata?<\/span><\/h2>\n<p><span style=\"color: #000000;\">A partir de\u00a0<b>septiembre de 2024<\/b>, casi dos millones de<b>\u00a0usuarios residenciales<\/b>\u00a0de los servicios p\u00fablicos de\u00a0<b>luz y gas<\/b>\u00a0deber\u00e1n estar inscriptos en el\u00a0<b>RASE<\/b>\u00a0para evitar perder\u00a0la subvenci\u00f3n.<\/span><\/p>\n<p><span style=\"color: #000000;\">Tendr\u00e1n tiempo hasta el\u00a0<b>4 de septiembre<\/b>\u00a0para\u00a0<b>evitar pagar las facturas m\u00e1s caras<\/b>. En las \u00faltimas semanas el Ente Nacional Regulador de la Electricidad (<b>ENRE<\/b>) se comunic\u00f3 con quienes deb\u00edan completar el formulario para continuar siendo beneficiarios de un subsidio.<\/span><\/p>\n<p><span style=\"color: #000000;\">Estos\u00a0<b>hogares de bajos ingresos<\/b>\u00a0deb\u00edan ingresar al sistema de manera individual para registrarse dentro un plazo de 60 d\u00edas de corrido que vence en los primeros d\u00edas de septiembre.<\/span><\/p>\n<p><span style=\"color: #000000;\">Para saber si un\u00a0<b>domicilio es beneficiario<\/b>\u00a0de alg\u00fan subsidio en la tarifa de electricidad, se debe ingresar a la web oficial del ENRE y completar un<\/span>\u00a0<a href=\"https:\/\/subsidios-energia.argentina.gob.ar\/\" target=\"_blank\" rel=\"noopener\">formulario online<\/a>\u00a0<span style=\"color: #000000;\">donde se les solicita el<b>\u00a0n\u00famero de cuenta de Edenor o de Edesur.<\/b><\/span><\/p>\n<p><span style=\"color: #000000;\"><strong>En cuanto a la\u00a0tarifa de gas,\u00a0el consumidor debe dirigirse al<\/strong><\/span>\u00a0<a href=\"https:\/\/www.argentina.gob.ar\/subsidios\" target=\"_blank\" rel=\"noopener\">sitio oficial<\/a>\u00a0<span style=\"color: #000000;\">del Ente Nacional Regulador del Gas (<b>Enargas<\/b>), ir a la secci\u00f3n Reg\u00edmenes de Beneficios, luego dirigirse al RASE e ingresar la empresa prestadora del servicio de gas y el n\u00famero de usuario, cliente, cuenta, servicio o suministro.<\/span><\/p>\n<p><a href=\"https:\/\/vinasfm.com\/noticias\/wp-content\/uploads\/2024\/05\/gas-886x420-1.jpg\"><img loading=\"lazy\" decoding=\"async\" class=\"alignnone wp-image-135356\" src=\"https:\/\/vinasfm.com\/noticias\/wp-content\/uploads\/2024\/05\/gas-886x420-1.jpg\" alt=\"\" width=\"600\" height=\"284\" srcset=\"https:\/\/vinasfm.com\/noticias\/wp-content\/uploads\/2024\/05\/gas-886x420-1.jpg 886w, https:\/\/vinasfm.com\/noticias\/wp-content\/uploads\/2024\/05\/gas-886x420-1-300x142.jpg 300w, https:\/\/vinasfm.com\/noticias\/wp-content\/uploads\/2024\/05\/gas-886x420-1-768x364.jpg 768w\" sizes=\"auto, (max-width: 600px) 100vw, 600px\" \/><\/a><\/p>\n<h6 id=\"content-title\" class=\"title\">El Gobierno extendi\u00f3 el plazo para anotarse en el RASE y mantener los subsidios de luz y gas<\/h6>\n<h3 id=\"quienes-pueden-pedir-los-subsidios-de-luz-y-gas\" data-taitel-headline-id=\"GEKOE_kZv9vG4oPVzS1Qg\"><span style=\"color: #000000;\">\u00bfQui\u00e9nes pueden accedes a los subsidios?<\/span><\/h3>\n<p><span style=\"color: #000000;\">Podr\u00e1n pedir los subsidios de luz y gas los\u00a0<b>hogares cuyos ingresos no superen los $ 3.056.091 mensuales<\/b>, con un umbral de $ 3.728.431 para zonas fr\u00edas del pa\u00eds. El esquema de segmentaci\u00f3n tarifaria actual categoriza se divide en tres niveles:<\/span><\/p>\n<ul>\n<li><span style=\"color: #000000;\"><b>Ingresos altos (N1).<\/b><\/span><\/li>\n<li><span style=\"color: #000000;\"><b>Ingresos medios (N3).<\/b><\/span><\/li>\n<li><span style=\"color: #000000;\"><b>Ingresos bajos (N2).<\/b><\/span><\/li>\n<\/ul>\n<p><span style=\"color: #000000;\">Los usuarios de ingresos altos\u00a0<b>(N1) pagar\u00e1n el 100% del costo de la electricidad<\/b>. Mientras que los de ingresos bajos (N2) y los de ingresos medios (N3) recibir\u00e1n una bonificaci\u00f3n del 71,9% y del 55,9% sobre el valor de la factura, respectivamente.<\/span><\/p>\n<\/article>\n","protected":false},"excerpt":{"rendered":"<p>La Secretar\u00eda de Energ\u00eda busca \u00abdepurar\u00bb el Registro de Acceso a los Subsidios a la Energ\u00eda (RASE) con un minucioso cruce &#8230;<\/p>\n","protected":false},"author":7,"featured_media":132488,"comment_status":"open","ping_status":"open","sticky":false,"template":"","format":"standard","meta":{"footnotes":""},"categories":[5,10],"tags":[],"class_list":["post-137927","post","type-post","status-publish","format-standard","has-post-thumbnail","hentry","category-actualidad","category-destacadas"],"_links":{"self":[{"href":"https:\/\/vinasfm.com\/noticias\/wp-json\/wp\/v2\/posts\/137927","targetHints":{"allow":["GET"]}}],"collection":[{"href":"https:\/\/vinasfm.com\/noticias\/wp-json\/wp\/v2\/posts"}],"about":[{"href":"https:\/\/vinasfm.com\/noticias\/wp-json\/wp\/v2\/types\/post"}],"author":[{"embeddable":true,"href":"https:\/\/vinasfm.com\/noticias\/wp-json\/wp\/v2\/users\/7"}],"replies":[{"embeddable":true,"href":"https:\/\/vinasfm.com\/noticias\/wp-json\/wp\/v2\/comments?post=137927"}],"version-history":[{"count":4,"href":"https:\/\/vinasfm.com\/noticias\/wp-json\/wp\/v2\/posts\/137927\/revisions"}],"predecessor-version":[{"id":137929,"href":"https:\/\/vinasfm.com\/noticias\/wp-json\/wp\/v2\/posts\/137927\/revisions\/137929"}],"wp:featuredmedia":[{"embeddable":true,"href":"https:\/\/vinasfm.com\/noticias\/wp-json\/wp\/v2\/media\/132488"}],"wp:attachment":[{"href":"https:\/\/vinasfm.com\/noticias\/wp-json\/wp\/v2\/media?parent=137927"}],"wp:term":[{"taxonomy":"category","embeddable":true,"href":"https:\/\/vinasfm.com\/noticias\/wp-json\/wp\/v2\/categories?post=137927"},{"taxonomy":"post_tag","embeddable":true,"href":"https:\/\/vinasfm.com\/noticias\/wp-json\/wp\/v2\/tags?post=137927"}],"curies":[{"name":"wp","href":"https:\/\/api.w.org\/{rel}","templated":true}]}}