{"id":137799,"date":"2024-07-26T10:17:16","date_gmt":"2024-07-26T13:17:16","guid":{"rendered":"https:\/\/vinasfm.com\/noticias\/?p=137799"},"modified":"2024-07-27T10:47:50","modified_gmt":"2024-07-27T13:47:50","slug":"la-cooperativa-algarrobo-bonito-encabezara-una-reunion-de-cooperativas","status":"publish","type":"post","link":"https:\/\/vinasfm.com\/noticias\/la-cooperativa-algarrobo-bonito-encabezara-una-reunion-de-cooperativas\/","title":{"rendered":"LA COOPERATIVA ALGARROBO BONITO ENCABEZAR\u00c1 UNA REUNI\u00d3N DE COOPERATIVAS"},"content":{"rendered":"<h4><span style=\"color: #000000;\"><strong>Julio es considerado el mes del cooperativismo, este viernes se realizar\u00e1 un importante encuentro bajo el lema <em>\u201cEl cooperativismo y su acci\u00f3n social\u201d.<\/em><\/strong><\/span><\/h4>\n<p><span style=\"color: #000000;\">El <span style=\"color: #003366;\"><strong>Ing. Jes\u00fas Gasques<\/strong><\/span> se\u00f1al\u00f3 que <strong><em>\u201cen esta jornada, que iniciar\u00e1\u00a0 a las 11:30 horas, se pondr\u00e1 en valor todas las acciones que lleven adelantes las cooperativas independientemente del medio en el que se desempe\u00f1an\u201d.<\/em><\/strong> En este encuentro participar\u00e1n miembros de la <a href=\"https:\/\/acovi.com.ar\/\"><strong>Asociaci\u00f3n de Cooperativas Vitivin\u00edcolas Argentinas<\/strong> <em>(ACOVI)<\/em><\/a>, pero tambi\u00e9n se ha invitado a otras cooperativas de la regi\u00f3n.<\/span><\/p>\n<p><span style=\"color: #000000;\"><strong><em>\u201cTodas las acciones que se llevan adelante por medio del cooperativismo tienden a pasar desapercibidas, esta es una importante oportunidad para poner en valor el trabajo que se realiza\u201d,<\/em><\/strong> expres\u00f3 Gasques.<\/span><\/p>\n<p><span style=\"color: #000000;\">Adem\u00e1s, el Ing. Jes\u00fas Gasques puso en valor el accionar de<a href=\"https:\/\/acovi.com.ar\/index.php\/jucovi\/\"><strong> JUCOVI<\/strong><\/a> \u00a0una organizaci\u00f3n de j\u00f3venes cooperativistas agropecuarios de la vitivinicultura mendocina. Este grupo est\u00e1 conformado por hijos, hijas, nietos y nietas de la comunidad asociada con el aval de la <strong>Federaci\u00f3n de Cooperativas Vitivin\u00edcolas Argentinas<\/strong> (Fecovita).<\/span><\/p>\n","protected":false},"excerpt":{"rendered":"<p>Julio es considerado el mes del cooperativismo, este viernes se realizar\u00e1 un importante encuentro bajo el lema \u201cEl cooperativismo y su &#8230;<\/p>\n","protected":false},"author":7,"featured_media":37259,"comment_status":"open","ping_status":"open","sticky":false,"template":"","format":"standard","meta":{"footnotes":""},"categories":[1],"tags":[],"class_list":["post-137799","post","type-post","status-publish","format-standard","has-post-thumbnail","hentry","category-fmvinas"],"_links":{"self":[{"href":"https:\/\/vinasfm.com\/noticias\/wp-json\/wp\/v2\/posts\/137799","targetHints":{"allow":["GET"]}}],"collection":[{"href":"https:\/\/vinasfm.com\/noticias\/wp-json\/wp\/v2\/posts"}],"about":[{"href":"https:\/\/vinasfm.com\/noticias\/wp-json\/wp\/v2\/types\/post"}],"author":[{"embeddable":true,"href":"https:\/\/vinasfm.com\/noticias\/wp-json\/wp\/v2\/users\/7"}],"replies":[{"embeddable":true,"href":"https:\/\/vinasfm.com\/noticias\/wp-json\/wp\/v2\/comments?post=137799"}],"version-history":[{"count":2,"href":"https:\/\/vinasfm.com\/noticias\/wp-json\/wp\/v2\/posts\/137799\/revisions"}],"predecessor-version":[{"id":137803,"href":"https:\/\/vinasfm.com\/noticias\/wp-json\/wp\/v2\/posts\/137799\/revisions\/137803"}],"wp:featuredmedia":[{"embeddable":true,"href":"https:\/\/vinasfm.com\/noticias\/wp-json\/wp\/v2\/media\/37259"}],"wp:attachment":[{"href":"https:\/\/vinasfm.com\/noticias\/wp-json\/wp\/v2\/media?parent=137799"}],"wp:term":[{"taxonomy":"category","embeddable":true,"href":"https:\/\/vinasfm.com\/noticias\/wp-json\/wp\/v2\/categories?post=137799"},{"taxonomy":"post_tag","embeddable":true,"href":"https:\/\/vinasfm.com\/noticias\/wp-json\/wp\/v2\/tags?post=137799"}],"curies":[{"name":"wp","href":"https:\/\/api.w.org\/{rel}","templated":true}]}}