{"id":137761,"date":"2024-07-25T17:25:13","date_gmt":"2024-07-25T20:25:13","guid":{"rendered":"https:\/\/vinasfm.com\/noticias\/?p=137761"},"modified":"2024-07-26T10:18:52","modified_gmt":"2024-07-26T13:18:52","slug":"alumnos-de-la-escuela-de-agricultura-emprendieron-un-viaje-a-buenos-aires","status":"publish","type":"post","link":"https:\/\/vinasfm.com\/noticias\/alumnos-de-la-escuela-de-agricultura-emprendieron-un-viaje-a-buenos-aires\/","title":{"rendered":"ALUMNOS DE LA ESCUELA DE AGRICULTURA EMPRENDIERON UN VIAJE A BUENOS AIRES"},"content":{"rendered":"<h4>Se trata de los alumnos de 6\u00b0 a\u00f1o quienes est\u00e1n llevando a cabo su viaje anual.<\/h4>\n<p>En di\u00e1logo con FM VI\u00d1AS, el M\u00e9dico Veterinario y profesor Dami\u00e1n Carbo explic\u00f3 que<em><strong> \u00abjunto a 63 alumnos emprendimos este viaje que es una oportunidad incre\u00edble para ellos. Adem\u00e1s de ser una propuesta educativa les permite conocer otros lugares del pa\u00eds\u00bb.<\/strong><\/em><\/p>\n<p>Son 61 los alumnos que, el pasado lunes, emprendieron el viaje a Buenos Aires junto a Carb\u00f3 y otros 5 profesores del establecimiento. All\u00ed, los estudiantes estar\u00e1n hasta el domingo 28, cumpliendo con las actividades de un intenso cronograma<\/p>\n<p>En su primera jornada, los viajeros visitaron destacados puntos como el Santuario y Bas\u00edlica Nuestra Se\u00f1ora de Luj\u00e1n, La Seren\u00edsima y el Barrio San Telmo, uno de los m\u00e1s antiguos de la Ciudad de Buenos Aires.<\/p>\n","protected":false},"excerpt":{"rendered":"<p>Se trata de los alumnos de 6\u00b0 a\u00f1o quienes est\u00e1n llevando a cabo su viaje anual. En di\u00e1logo con FM VI\u00d1AS, &#8230;<\/p>\n","protected":false},"author":7,"featured_media":137762,"comment_status":"open","ping_status":"open","sticky":false,"template":"","format":"standard","meta":{"footnotes":""},"categories":[5,18],"tags":[],"class_list":["post-137761","post","type-post","status-publish","format-standard","has-post-thumbnail","hentry","category-actualidad","category-educacion"],"_links":{"self":[{"href":"https:\/\/vinasfm.com\/noticias\/wp-json\/wp\/v2\/posts\/137761","targetHints":{"allow":["GET"]}}],"collection":[{"href":"https:\/\/vinasfm.com\/noticias\/wp-json\/wp\/v2\/posts"}],"about":[{"href":"https:\/\/vinasfm.com\/noticias\/wp-json\/wp\/v2\/types\/post"}],"author":[{"embeddable":true,"href":"https:\/\/vinasfm.com\/noticias\/wp-json\/wp\/v2\/users\/7"}],"replies":[{"embeddable":true,"href":"https:\/\/vinasfm.com\/noticias\/wp-json\/wp\/v2\/comments?post=137761"}],"version-history":[{"count":1,"href":"https:\/\/vinasfm.com\/noticias\/wp-json\/wp\/v2\/posts\/137761\/revisions"}],"predecessor-version":[{"id":137763,"href":"https:\/\/vinasfm.com\/noticias\/wp-json\/wp\/v2\/posts\/137761\/revisions\/137763"}],"wp:featuredmedia":[{"embeddable":true,"href":"https:\/\/vinasfm.com\/noticias\/wp-json\/wp\/v2\/media\/137762"}],"wp:attachment":[{"href":"https:\/\/vinasfm.com\/noticias\/wp-json\/wp\/v2\/media?parent=137761"}],"wp:term":[{"taxonomy":"category","embeddable":true,"href":"https:\/\/vinasfm.com\/noticias\/wp-json\/wp\/v2\/categories?post=137761"},{"taxonomy":"post_tag","embeddable":true,"href":"https:\/\/vinasfm.com\/noticias\/wp-json\/wp\/v2\/tags?post=137761"}],"curies":[{"name":"wp","href":"https:\/\/api.w.org\/{rel}","templated":true}]}}