{"id":137725,"date":"2024-07-24T17:45:01","date_gmt":"2024-07-24T20:45:01","guid":{"rendered":"https:\/\/vinasfm.com\/noticias\/?p=137725"},"modified":"2024-07-25T10:27:52","modified_gmt":"2024-07-25T13:27:52","slug":"se-viene-la-11-edicion-del-concurso-alvear-mas-limpio","status":"publish","type":"post","link":"https:\/\/vinasfm.com\/noticias\/se-viene-la-11-edicion-del-concurso-alvear-mas-limpio\/","title":{"rendered":"SE VIENE LA 11\u00b0 EDICI\u00d3N DEL CONCURSO \u00abALVEAR M\u00c1S LIMPIO\u00bb"},"content":{"rendered":"<h4><span style=\"color: #000000;\">Con este concurso se busca generar conciencia en los habitantes y replicar los buenos h\u00e1bitos.\u00a0 Est\u00e1 destinado a alumnos de 7\u00b0 grado de las escuelas alvearenses.<\/span><\/h4>\n<p><span style=\"color: #000000;\">Como cada a\u00f1o, la Asesor\u00eda de Gesti\u00f3n Ambiental pone en marcha el concurso \u201cAlvear M\u00e1s Limpio\u201d que fomenta a la ciudadan\u00eda a comprometerse con el cuidado del medio ambiente. Denis Rabanal, asesor de Gesti\u00f3n Ambiental de la Comuna, explic\u00f3 que <strong><em>\u201cc\u00f3mo en las anteriores ediciones deber\u00e1n recolectar residuos secos que sirvan para ser compactados en la Planta de Residuos S\u00f3lidos Urbanos. En esta ocasi\u00f3n tambi\u00e9n deber\u00e1n presentar una carpeta de campo que demuestre el proceso de esta recolecci\u00f3n, junto a un video explicativo sobre los residuos\u201d. <\/em><\/strong><\/span><\/p>\n<p><span style=\"color: #000000;\">Las inscripciones ya est\u00e1n abiertas y las instituciones tendr\u00e1n tiempo hasta el pr\u00f3ximo 31 de julio, desde el momento de inscripci\u00f3n los alumnos ya pueden comenzar con la recolecci\u00f3n de residuos. Tambi\u00e9n habr\u00e1 premios para los 3 primeros puestos:<\/span><\/p>\n<ol>\n<li><span style=\"color: #000000;\">Viaje de 3 d\u00edas y 2 noches en Mendoza.<\/span><\/li>\n<li><span style=\"color: #000000;\">Viaje de 2 d\u00edas y 1 noche en Malarg\u00fce.<\/span><\/li>\n<li><span style=\"color: #000000;\">Viaje de 1 d\u00eda a Valle Grande.<\/span><\/li>\n<\/ol>\n<p>Hay grandes expectativas con esta nueva edici\u00f3n del concurso debido a que en la pasada se logr\u00f3 recolectar cerca de 19 toneladas de residuos secos. Es de destacar el trabajo realizado en Bowen ya que las 3 escuelas ganadoras fueron de aquel distrito.<\/p>\n","protected":false},"excerpt":{"rendered":"<p>Con este concurso se busca generar conciencia en los habitantes y replicar los buenos h\u00e1bitos.\u00a0 Est\u00e1 destinado a alumnos de 7\u00b0 &#8230;<\/p>\n","protected":false},"author":7,"featured_media":12968,"comment_status":"open","ping_status":"open","sticky":false,"template":"","format":"standard","meta":{"footnotes":""},"categories":[5,192],"tags":[],"class_list":["post-137725","post","type-post","status-publish","format-standard","has-post-thumbnail","hentry","category-actualidad","category-gestion-ambiental"],"_links":{"self":[{"href":"https:\/\/vinasfm.com\/noticias\/wp-json\/wp\/v2\/posts\/137725","targetHints":{"allow":["GET"]}}],"collection":[{"href":"https:\/\/vinasfm.com\/noticias\/wp-json\/wp\/v2\/posts"}],"about":[{"href":"https:\/\/vinasfm.com\/noticias\/wp-json\/wp\/v2\/types\/post"}],"author":[{"embeddable":true,"href":"https:\/\/vinasfm.com\/noticias\/wp-json\/wp\/v2\/users\/7"}],"replies":[{"embeddable":true,"href":"https:\/\/vinasfm.com\/noticias\/wp-json\/wp\/v2\/comments?post=137725"}],"version-history":[{"count":2,"href":"https:\/\/vinasfm.com\/noticias\/wp-json\/wp\/v2\/posts\/137725\/revisions"}],"predecessor-version":[{"id":137728,"href":"https:\/\/vinasfm.com\/noticias\/wp-json\/wp\/v2\/posts\/137725\/revisions\/137728"}],"wp:featuredmedia":[{"embeddable":true,"href":"https:\/\/vinasfm.com\/noticias\/wp-json\/wp\/v2\/media\/12968"}],"wp:attachment":[{"href":"https:\/\/vinasfm.com\/noticias\/wp-json\/wp\/v2\/media?parent=137725"}],"wp:term":[{"taxonomy":"category","embeddable":true,"href":"https:\/\/vinasfm.com\/noticias\/wp-json\/wp\/v2\/categories?post=137725"},{"taxonomy":"post_tag","embeddable":true,"href":"https:\/\/vinasfm.com\/noticias\/wp-json\/wp\/v2\/tags?post=137725"}],"curies":[{"name":"wp","href":"https:\/\/api.w.org\/{rel}","templated":true}]}}