{"id":137720,"date":"2024-07-24T11:49:32","date_gmt":"2024-07-24T14:49:32","guid":{"rendered":"https:\/\/vinasfm.com\/noticias\/?p=137720"},"modified":"2024-07-25T10:18:57","modified_gmt":"2024-07-25T13:18:57","slug":"adultos-mayores-celebraran-el-dia-del-abuelo-con-dos-jornadas-llenas-de-actividades","status":"publish","type":"post","link":"https:\/\/vinasfm.com\/noticias\/adultos-mayores-celebraran-el-dia-del-abuelo-con-dos-jornadas-llenas-de-actividades\/","title":{"rendered":"ADULTOS MAYORES CELEBRAR\u00c1N EL D\u00cdA DEL ABUELO CON DOS JORNADAS LLENAS DE ACTIVIDADES"},"content":{"rendered":"<h4><span style=\"color: #000000;\">Cada 26 de julio se celebra el D\u00eda de los Abuelos y Abuelas en todo el pa\u00eds, un d\u00eda conmemorativo dedicado a las personas mayores dentro de la familia, que complementa al D\u00eda de la Madre y al D\u00eda del Padre.<\/span><\/h4>\n<p><span style=\"color: #000000;\">Con el objetivo de homenajear a los abuelos alvearenses, desde el \u00e1rea de <strong>Adultos Mayores<\/strong> del Municipio ponen en marcha dos jordanas llenas de actividades. Por un lado, el Encuentro de Tejedoras que tendr\u00e1 lugar el d\u00eda s\u00e1bado, 27 de julio a partir de las 14:00 horas, en el <a href=\"https:\/\/www.google.com\/maps?sca_esv=06845c31f6bc343b&amp;output=search&amp;q=centro+de+jubilados+calle+juan+b+justo+general+alvear+mendoza&amp;source=lnms&amp;fbs=AEQNm0CbCVgAZ5mWEJDg6aoPVcBgfVR9zNEJ5juv4Ko2eAOQ2cFQCOg_z-3KPjrEvCHGguqqaKTtYCEvR3hxKKv2KPiYddjibZSJ86OiaRqHK0c-X6v_MEZvAtkJLtGLHir5Zzw1Ef5Vq3VYb7JLshN6uoQYBhA55sfFpBoILwOLPkjk7bXos5RAcsaXsltF6OETJqHXc8Hg6an-X1EBYRU7gg0ZDTVDTw&amp;entry=mc&amp;ved=1t:200715&amp;ictx=111\">Centro de Jubilados de la calle Juan B. Justo.<\/a> <strong><i>\u00abHemos invitado a participar a todos los adultos mayores de General Alvear, en este encuentro se van a realizar distintas actividades\u00bb<\/i><\/strong>, explic\u00f3 <strong><span style=\"color: #000080;\">Jorgelina Peralta<\/span><\/strong> y sum\u00f3 <strong><i>\u00aben este encuentro tambi\u00e9n recibiremos gorros, bufandas, su\u00e9teres y dem\u00e1s prendas tejidas que ser\u00e1n entregadas a los adultos mayores en situaci\u00f3n de vulnerabilidad\u00bb.\u00a0<\/i><\/strong><\/span><\/p>\n<p><span style=\"color: #000000;\">Las actividades por el D\u00eda de los Abuelos y Abuelas continuar\u00e1n el domingo 28 de julio. <strong>\u00abEl pasado 20 de julio se conmemor\u00f3 el D\u00eda del Ajedrez y es por eso que se ha planificado un gran evento en la Plaza Carlos Mar\u00eda de Alvear con m\u00fasica y encuentros de ajedrez\u00bb<\/strong>, se\u00f1al\u00f3 Peralta.\u00a0<\/span><\/p>\n<p><span style=\"color: #000000;\">Por su parte,<strong><span style=\"color: #000080;\"> Alicia Bertomeu<\/span>, Reina del Adulto Mayor<\/strong> de General Alvear, destac\u00f3 el trabajo de la funcionaria. \u00abEs admirable el acompa\u00f1amiento que recibimos desde el \u00c1rea de Adultos Mayores, pero sobre todo estamos muy agradecidos con Jorgelina porque nos impulsa y motiva a seguir participando de estas actividades\u00bb.\u00a0<\/span><\/p>\n<p><span style=\"color: #000000;\">Estos encuentros tienen una gran importancia en la salud de los adultos que transitan la tercera edad. <b>Las personas mayores que realizan alguna actividad f\u00edsica son mucho m\u00e1s coordinados, lo que los ayuda a reducir el riesgo de accidentes como tropezones o ca\u00eddas en la tercera edad<\/b>. Otra gran ventaja de mantenerse activos es que su estado an\u00edmico mejora enormemente, adem\u00e1s de que reduce el estr\u00e9s y el insomnio.<\/span><\/p>\n","protected":false},"excerpt":{"rendered":"<p>Cada 26 de julio se celebra el D\u00eda de los Abuelos y Abuelas en todo el pa\u00eds, un d\u00eda conmemorativo dedicado &#8230;<\/p>\n","protected":false},"author":7,"featured_media":137723,"comment_status":"open","ping_status":"open","sticky":false,"template":"","format":"standard","meta":{"footnotes":""},"categories":[5,11],"tags":[],"class_list":["post-137720","post","type-post","status-publish","format-standard","has-post-thumbnail","hentry","category-actualidad","category-sociales"],"_links":{"self":[{"href":"https:\/\/vinasfm.com\/noticias\/wp-json\/wp\/v2\/posts\/137720","targetHints":{"allow":["GET"]}}],"collection":[{"href":"https:\/\/vinasfm.com\/noticias\/wp-json\/wp\/v2\/posts"}],"about":[{"href":"https:\/\/vinasfm.com\/noticias\/wp-json\/wp\/v2\/types\/post"}],"author":[{"embeddable":true,"href":"https:\/\/vinasfm.com\/noticias\/wp-json\/wp\/v2\/users\/7"}],"replies":[{"embeddable":true,"href":"https:\/\/vinasfm.com\/noticias\/wp-json\/wp\/v2\/comments?post=137720"}],"version-history":[{"count":1,"href":"https:\/\/vinasfm.com\/noticias\/wp-json\/wp\/v2\/posts\/137720\/revisions"}],"predecessor-version":[{"id":137722,"href":"https:\/\/vinasfm.com\/noticias\/wp-json\/wp\/v2\/posts\/137720\/revisions\/137722"}],"wp:featuredmedia":[{"embeddable":true,"href":"https:\/\/vinasfm.com\/noticias\/wp-json\/wp\/v2\/media\/137723"}],"wp:attachment":[{"href":"https:\/\/vinasfm.com\/noticias\/wp-json\/wp\/v2\/media?parent=137720"}],"wp:term":[{"taxonomy":"category","embeddable":true,"href":"https:\/\/vinasfm.com\/noticias\/wp-json\/wp\/v2\/categories?post=137720"},{"taxonomy":"post_tag","embeddable":true,"href":"https:\/\/vinasfm.com\/noticias\/wp-json\/wp\/v2\/tags?post=137720"}],"curies":[{"name":"wp","href":"https:\/\/api.w.org\/{rel}","templated":true}]}}