{"id":137716,"date":"2024-07-24T10:33:29","date_gmt":"2024-07-24T13:33:29","guid":{"rendered":"https:\/\/vinasfm.com\/noticias\/?p=137716"},"modified":"2024-07-25T09:40:31","modified_gmt":"2024-07-25T12:40:31","slug":"el-titular-de-irrigacion-defendio-el-codigo-de-aguas-no-escondemos-nada","status":"publish","type":"post","link":"https:\/\/vinasfm.com\/noticias\/el-titular-de-irrigacion-defendio-el-codigo-de-aguas-no-escondemos-nada\/","title":{"rendered":"EL TITULAR DE IRRIGACI\u00d3N DEFENDI\u00d3 EL C\u00d3DIGO DE AGUAS: \u201cNO ESCONDEMOS NADA\u201d"},"content":{"rendered":"<h4><span style=\"color: #000000;\">Sergio Marinelli remarc\u00f3 que este proyecto apunta a una \u201cmayor defensa del agua\u201d que la Ley 7722 y que tiene una visi\u00f3n a largo plazo.<\/span><\/h4>\n<p><span style=\"color: #000000;\">El proyecto del\u00a0<strong>C\u00f3digo de Aguas\u00a0<\/strong>est\u00e1 al caer en la Legislatura y, ante las cr\u00edticas de diferentes dirigentes de la oposici\u00f3n, el superintendente General de Irrigaci\u00f3n,\u00a0<span style=\"color: #000080;\"><strong>Sergio Marinelli<\/strong><\/span>\u00a0sali\u00f3 a defender la iniciativa. Para el funcionario, la propuesta no tiene \u201c<em>nada que esconder<\/em>\u201d.<\/span><\/p>\n<p><span style=\"color: #000000;\">Este mi\u00e9rcoles, en una entrevista\u00a0Marinelli analiz\u00f3 que hace un a\u00f1o y medio que\u00a0se encuentra recorriendo la Provincia\u00a0explicando el fin de esta iniciativa que busca actualizar la\u00a0<strong>Ley de Aguas<\/strong>, que data de 1884.<\/span><\/p>\n<p><span style=\"color: #000000;\">Puntualmente\u00a0frente a los cuestionamientos del intendente de Rivadavia,<em>\u00a0Ricardo Mansur<\/em>, quien asegur\u00f3 que el anteproyecto <em><strong>\u201ctiene cosas ocultas\u201d<\/strong><\/em> y que busca allanarle el camino a las empresas mineras, Marinelli respondi\u00f3 que se trata de una <strong><em>\u201cmirada pol\u00edtica\u201d.<\/em><\/strong><\/span><\/p>\n<aside class=\"scaip scaip-1 \"><\/aside>\n<p><span style=\"color: #000000;\"><em><strong>\u201cEl caso de la pol\u00edtica tiene una mirada de cuatro a\u00f1os, pero no tiene que ser as\u00ed.\u00a0 Me conviene hacer muchas obras, pero no es as\u00ed porque en 15 a\u00f1os me van a putear porque no van a poder tener agua para poder regar su finca\u201d<\/strong><\/em>, enfatiz\u00f3 el funcionario.<\/span><\/p>\n<p><span style=\"color: #000000;\">Mientras a las versiones sobre facilitarle el uso del agua a eventuales emprendimientos mineros, Marinelli remarc\u00f3 que<strong><em> \u201cel c\u00f3digo es mucho m\u00e1s fuerte en defensa del agua que la 7722\u00a0\u201d.<\/em><\/strong> En la misma l\u00ednea, pidi\u00f3 discutir <strong><em>\u201ccon fundamentos, porque si vamos a desconfiar solo por eso, la Provincia seguir\u00e1 estancada y costar\u00e1 hacer cambios\u201d.<\/em><\/strong><\/span><\/p>\n<p><span style=\"color: #000000;\">El titular de Irrigaci\u00f3n tambi\u00e9n destac\u00f3 que hay expertos que est\u00e1n en contra de miner\u00eda y que no forman parte al Gobierno de\u00a0<strong><span style=\"color: #000080;\">Alfredo Cornej<\/span>o<\/strong>, que <strong><em>\u201cavalan este nuevo C\u00f3digo\u201d<\/em><\/strong> y que fueron parte a la hora de su redacci\u00f3n.<\/span><\/p>\n<aside class=\"scaip scaip-2 \"><\/aside>\n<p><span style=\"color: #000000;\"><em><strong>\u201cNosotros tratamos de llevar adelante un debate serio, con consulta serias, no de aquellos que solo quieren asegurar unos votos para el a\u00f1o que viene. No est\u00e1n mirando para adelante. No hablan con fundamentos, por eso cuesta en Mendoza avanzar en debates concretos, porque se estancan en discursos vac\u00edos\u201d<\/strong><\/em>, subray\u00f3 Marinelli.<\/span><\/p>\n<p><span style=\"color: #000000;\">Por \u00faltimo, el superintendente\u00a0<strong>General de Irrigaci\u00f3n<\/strong>\u00a0indic\u00f3 que el proyecto se encuentra publicado en la p\u00e1gina oficial del organismo provincial y que est\u00e1 abierto para que todo el p\u00fablico pueda realizar aportes. \u00a0<\/span><\/p>\n<p><span style=\"color: #000000;\"><strong><em>\u201cHace un mes que est\u00e1 colgado en nuestra p\u00e1gina el borrador\u201d<\/em><\/strong>, lanz\u00f3.\u00a0<strong><em>\u201cNo tenemos nada que ocultar, est\u00e1 abierto a opiniones<\/em>.\u00a0<em>Estamos recorriendo la Provincia hace un a\u00f1o y medio, hablando con todo el mundo, recibiendo opiniones. Hay que ser serios<\/em>\u201d<\/strong>, finaliz\u00f3 el funcionario.<\/span><\/p>\n","protected":false},"excerpt":{"rendered":"<p>Sergio Marinelli remarc\u00f3 que este proyecto apunta a una \u201cmayor defensa del agua\u201d que la Ley 7722 y que tiene una &#8230;<\/p>\n","protected":false},"author":7,"featured_media":137719,"comment_status":"open","ping_status":"open","sticky":false,"template":"","format":"standard","meta":{"footnotes":""},"categories":[5,37],"tags":[],"class_list":["post-137716","post","type-post","status-publish","format-standard","has-post-thumbnail","hentry","category-actualidad","category-irrigacion"],"_links":{"self":[{"href":"https:\/\/vinasfm.com\/noticias\/wp-json\/wp\/v2\/posts\/137716","targetHints":{"allow":["GET"]}}],"collection":[{"href":"https:\/\/vinasfm.com\/noticias\/wp-json\/wp\/v2\/posts"}],"about":[{"href":"https:\/\/vinasfm.com\/noticias\/wp-json\/wp\/v2\/types\/post"}],"author":[{"embeddable":true,"href":"https:\/\/vinasfm.com\/noticias\/wp-json\/wp\/v2\/users\/7"}],"replies":[{"embeddable":true,"href":"https:\/\/vinasfm.com\/noticias\/wp-json\/wp\/v2\/comments?post=137716"}],"version-history":[{"count":1,"href":"https:\/\/vinasfm.com\/noticias\/wp-json\/wp\/v2\/posts\/137716\/revisions"}],"predecessor-version":[{"id":137718,"href":"https:\/\/vinasfm.com\/noticias\/wp-json\/wp\/v2\/posts\/137716\/revisions\/137718"}],"wp:featuredmedia":[{"embeddable":true,"href":"https:\/\/vinasfm.com\/noticias\/wp-json\/wp\/v2\/media\/137719"}],"wp:attachment":[{"href":"https:\/\/vinasfm.com\/noticias\/wp-json\/wp\/v2\/media?parent=137716"}],"wp:term":[{"taxonomy":"category","embeddable":true,"href":"https:\/\/vinasfm.com\/noticias\/wp-json\/wp\/v2\/categories?post=137716"},{"taxonomy":"post_tag","embeddable":true,"href":"https:\/\/vinasfm.com\/noticias\/wp-json\/wp\/v2\/tags?post=137716"}],"curies":[{"name":"wp","href":"https:\/\/api.w.org\/{rel}","templated":true}]}}