{"id":137688,"date":"2024-07-23T19:07:45","date_gmt":"2024-07-23T22:07:45","guid":{"rendered":"https:\/\/vinasfm.com\/noticias\/?p=137688"},"modified":"2024-07-23T19:09:20","modified_gmt":"2024-07-23T22:09:20","slug":"19o-congreso-de-educacion-un-encuentro-para-el-aprendizaje-y-la-inclusion","status":"publish","type":"post","link":"https:\/\/vinasfm.com\/noticias\/19o-congreso-de-educacion-un-encuentro-para-el-aprendizaje-y-la-inclusion\/","title":{"rendered":"19\u00ba CONGRESO DE EDUCACI\u00d3N: UN ENCUENTRO PARA EL APRENDIZAJE Y LA INCLUSI\u00d3N"},"content":{"rendered":"<h4>El pr\u00f3ximo 2 y 3 de agosto, General Alvear ser\u00e1 el escenario del 19\u00ba Congreso de Educaci\u00f3n, un evento que promete seguir siendo el lugar ideal para la formaci\u00f3n y el intercambio de ideas en el \u00e1mbito educativo. Este a\u00f1o, el congreso abordar\u00e1 temas fundamentales como la diversidad, inclusi\u00f3n, emociones, salud mental, estr\u00e9s y conversi\u00f3n ling\u00fc\u00edstica, entre otros.<\/h4>\n<p>El Intendente Municipal Alejandro Molero junto al Director de Educaci\u00f3n Jos\u00e9 Mor\u00e1n realizaron el Lanzamiento de la 19\u00b0 del Congreso de Educaci\u00f3n que este a\u00f1o lleva el nombre de: \u201c \u00f3 \u00ed \u00f3\u201d<\/p>\n<p>Esta edici\u00f3n tendr\u00e1 la participaci\u00f3n de disertantes de primer nivel, como el Dr. Daniel L\u00f3pez Rossetti, Eduardo Sotelo, Mar\u00eda Elsa Porta, Hern\u00e1n Aldana, Cristian Montenegro y Sergio Lapeg\u00fce, los asistentes tendr\u00e1n la oportunidad de escuchar a expertos que compartir\u00e1n sus conocimientos y experiencias en \u00e1reas claves para el desarrollo educativo.<\/p>\n<p>Se espera la participaci\u00f3n de numerosas personas de distintos departamentos, lo que refleja el inter\u00e9s y compromiso hacia la mejora continua en el \u00e1mbito educativo. Este congreso no solo ser\u00e1 una plataforma para aprender, sino tambi\u00e9n un espacio para crear redes y fomentar la colaboraci\u00f3n entre profesionales.<\/p>\n<p><a href=\"https:\/\/vinasfm.com\/noticias\/wp-content\/uploads\/2024\/07\/19o-Congreso-de-Educacion-800x1001-1.jpeg\"><img loading=\"lazy\" decoding=\"async\" class=\"alignnone size-medium wp-image-137693\" src=\"https:\/\/vinasfm.com\/noticias\/wp-content\/uploads\/2024\/07\/19o-Congreso-de-Educacion-800x1001-1-240x300.jpeg\" alt=\"\" width=\"240\" height=\"300\" srcset=\"https:\/\/vinasfm.com\/noticias\/wp-content\/uploads\/2024\/07\/19o-Congreso-de-Educacion-800x1001-1-240x300.jpeg 240w, https:\/\/vinasfm.com\/noticias\/wp-content\/uploads\/2024\/07\/19o-Congreso-de-Educacion-800x1001-1-768x961.jpeg 768w, https:\/\/vinasfm.com\/noticias\/wp-content\/uploads\/2024\/07\/19o-Congreso-de-Educacion-800x1001-1.jpeg 800w\" sizes=\"auto, (max-width: 240px) 100vw, 240px\" \/><\/a><\/p>\n<p>El intendente Alejandro Molero dijo que este congreso ya lleva m\u00e1s de 350 inscriptos e invit\u00f3 a todos los docentes a inscribirse r\u00e1pidamente, ya que hay pocas ubicaciones disponibles.<\/p>\n<p><em><strong>\u201cHemos hecho un enorme esfuerzo para traer un panel de disertantes de vuelo nacional e internacional con un gran prestigio, seguimos aportando a la educaci\u00f3n, en este caso no solamente de nuestro departamento, sino de toda la provincia, creo que es enriquecedor para el sector docente, que fija bases de crecimiento, de desarrollo permanente al sistema educativo en la provincia de Mendoza\u201d<\/strong><\/em>, mencion\u00f3 Molero.<\/p>\n<p>Adem\u00e1s, destac\u00f3 el impacto econ\u00f3mico positivo de estos eventos en la ciudad y la importancia de seguir apostando por la educaci\u00f3n y el desarrollo del sistema educativo en la provincia de Mendoza.<\/p>\n<p><em><strong>\u201cEstos eventos dejan recursos que le dan movilidad social econ\u00f3mica a nuestro departamento, la ciudad se llena de gente, los prestadores de servicios sean tur\u00edsticos, gastron\u00f3micos, de alojamiento y el comercio en general se ve revitalizado, por eso estamos haciendo estos esfuerzos para darle un cronograma, una agenda de eventos trascendentales que nos ayuden a todos en medio de esta crisis\u201d<\/strong>, agreg\u00f3 el Intendente.<\/em><\/p>\n<p><em><strong>\u201cLas entradas ya est\u00e1n a la venta, y es importante destacar que el evento otorgar\u00e1 puntaje docente a los participantes, lo que lo convierte en una excelente oportunidad para aquellos que buscan enriquecer su formaci\u00f3n profesional\u201d<\/strong><\/em>, dijo el Director de Educaci\u00f3n Jos\u00e9 Mor\u00e1n.<\/p>\n<p>Igualmente explic\u00f3 que ya se han superado las 350 entradas <strong><em>\u201cy que comenzar\u00e1 a las 18 horas del viernes 2 de agosto, eso quiere decir que el docente no va a necesitar liberaci\u00f3n de funciones. Por lo tanto, ah\u00ed tambi\u00e9n tienen la posibilidad de estar el d\u00eda viernes y s\u00e1bado en el Congreso\u201d,<\/em> <\/strong>finaliz\u00f3 Mor\u00e1n.<\/p>\n","protected":false},"excerpt":{"rendered":"<p>El pr\u00f3ximo 2 y 3 de agosto, General Alvear ser\u00e1 el escenario del 19\u00ba Congreso de Educaci\u00f3n, un evento que promete &#8230;<\/p>\n","protected":false},"author":7,"featured_media":137691,"comment_status":"open","ping_status":"open","sticky":false,"template":"","format":"standard","meta":{"footnotes":""},"categories":[1],"tags":[],"class_list":["post-137688","post","type-post","status-publish","format-standard","has-post-thumbnail","hentry","category-fmvinas"],"_links":{"self":[{"href":"https:\/\/vinasfm.com\/noticias\/wp-json\/wp\/v2\/posts\/137688","targetHints":{"allow":["GET"]}}],"collection":[{"href":"https:\/\/vinasfm.com\/noticias\/wp-json\/wp\/v2\/posts"}],"about":[{"href":"https:\/\/vinasfm.com\/noticias\/wp-json\/wp\/v2\/types\/post"}],"author":[{"embeddable":true,"href":"https:\/\/vinasfm.com\/noticias\/wp-json\/wp\/v2\/users\/7"}],"replies":[{"embeddable":true,"href":"https:\/\/vinasfm.com\/noticias\/wp-json\/wp\/v2\/comments?post=137688"}],"version-history":[{"count":4,"href":"https:\/\/vinasfm.com\/noticias\/wp-json\/wp\/v2\/posts\/137688\/revisions"}],"predecessor-version":[{"id":137694,"href":"https:\/\/vinasfm.com\/noticias\/wp-json\/wp\/v2\/posts\/137688\/revisions\/137694"}],"wp:featuredmedia":[{"embeddable":true,"href":"https:\/\/vinasfm.com\/noticias\/wp-json\/wp\/v2\/media\/137691"}],"wp:attachment":[{"href":"https:\/\/vinasfm.com\/noticias\/wp-json\/wp\/v2\/media?parent=137688"}],"wp:term":[{"taxonomy":"category","embeddable":true,"href":"https:\/\/vinasfm.com\/noticias\/wp-json\/wp\/v2\/categories?post=137688"},{"taxonomy":"post_tag","embeddable":true,"href":"https:\/\/vinasfm.com\/noticias\/wp-json\/wp\/v2\/tags?post=137688"}],"curies":[{"name":"wp","href":"https:\/\/api.w.org\/{rel}","templated":true}]}}