{"id":137677,"date":"2024-07-23T11:41:16","date_gmt":"2024-07-23T14:41:16","guid":{"rendered":"https:\/\/vinasfm.com\/noticias\/?p=137677"},"modified":"2024-07-24T10:34:30","modified_gmt":"2024-07-24T13:34:30","slug":"productores-reclaman-por-la-lucha-antigranizo-y-el-gobierno-salio-a-justificar-su-decision","status":"publish","type":"post","link":"https:\/\/vinasfm.com\/noticias\/productores-reclaman-por-la-lucha-antigranizo-y-el-gobierno-salio-a-justificar-su-decision\/","title":{"rendered":"PRODUCTORES RECLAMAN POR LA LUCHA ANTIGRANIZO Y EL GOBIERNO SALI\u00d3 A JUSTIFICAR SU DECISI\u00d3N"},"content":{"rendered":"<h4><span style=\"color: #000000;\">Mientras productores y pilotos marchan a Casa de Gobierno, desde el Ejecutivo intentan calmar las aguas afirmando que se apuesta por un sistema que les de una mayor cobertura ante contingencias.<\/span><\/h4>\n<p><span style=\"color: #000000;\">Los \u00e1nimos entre el gobierno de Mendoza y los productores de distintos oasis se caldearon luego de que se informara el fin de la\u00a0<strong>lucha antigranizo<\/strong>. Este martes un caravanazo parti\u00f3 desde el Este de la provincia hacia la explanada de Casa de Gobierno y en el Ejecutivo intentan demostrar que el fin de la\u00a0<strong>lucha antigranizo\u00a0<\/strong>apunta a mejorar la cobertura que reciben los\u00a0<strong>productores\u00a0<\/strong>ante contingencias clim\u00e1ticas.<\/span><\/p>\n<p><span style=\"color: #000000;\">El referente de los\u00a0<strong>Productores\u00a0<\/strong>Unidos del Este, Ernesto Tagliavini, critic\u00f3 duramente al gobierno provincial por tomar la decisi\u00f3n de cerrar la\u00a0<strong>lucha antigranizo\u00a0<\/strong>de forma intempestiva y sin consultarle antes a los productores.<em><strong> \u00abLos productores somos los que generamos trabajo y pagamos los impuestos. Nos extra\u00f1a que tomen medidas como eliminar el IDR sin consultar. El gobernador deber\u00eda habernos juntado antes<\/strong><\/em>\u00ab, adhiri\u00f3 sumando tambi\u00e9n el malestar que gener\u00f3 en el sector el cierre del Instituto de Desarrollo Rural.<\/span><\/p>\n<p><span style=\"color: #000000;\">Para Tagliavini la mitigaci\u00f3n a\u00e9rea del granizo funciona a pesar de que no garantiza resultados.<em><strong> \u00abLos aviones si funcionan. Lo \u00fanico que hacen es mitigar el da\u00f1o. La piedra se achica. No es que no funciona. Est\u00e1 mal instrumentado. Los pilotos dec\u00edan que han salido con bengalas en mal estado\u00bb<\/strong><\/em>, expres\u00f3 a medios mendocinos.<\/span><\/p>\n<p><span style=\"color: #000000;\">A modo de ejemplo, manifest\u00f3 que ante una granizada en la que pierden el 50% de la producci\u00f3n entienden que el da\u00f1o podr\u00eda haber sido mayor si no existiese lucha a\u00e9rea.\u00a0 <em><strong>\u00abTomaron la decisi\u00f3n sin evaluar las consecuencias. Les dijimos de juntarnos. Que escuchen a los productores porque toman medidas sin ni siquiera consultarlas\u00bb<\/strong><\/em>, cuestion\u00f3.\u00a0<\/span><\/p>\n<p><span style=\"color: #000000;\">En cuanto a las soluciones que ofrece el gobierno aclar\u00f3 que no tienen informaci\u00f3n precisa sobre el refuerzo que propone el Ejecutivo para el seguro agr\u00edcola y dijo que el subsidio a la colocaci\u00f3n de malla antigranizo no garantiza que los productores puedan colocarla. <em><strong>\u00abObviamente que la malla te va a ayudar. Hay que ver cual es el subsidio. Sale 10 mil d\u00f3lares la hect\u00e1rea. Es car\u00edsimo y nuestro poder adquisitivo se ha ca\u00eddo. Por m\u00e1s cr\u00e9dito que me des si no tengo rentabilidad \u00bfcomo lo devuelvo?\u00bb<\/strong><\/em>, se\u00f1al\u00f3.<\/span><\/p>\n<p><span style=\"color: #000000;\">Paralelamente, desde el Ministerio de Producci\u00f3n procuran llevar tranquilidad a los\u00a0<strong>productores<\/strong>. En concreto, remarcan que en los \u00faltimos a\u00f1os la contingencia clim\u00e1tica que mayores p\u00e9rdidas ha generado han sido las heladas y que el dinero que se destina a la\u00a0<strong>lucha antigranizo\u00a0<\/strong>no sirve para protegerlos en ese sentido.<\/span><\/p>\n<p><span style=\"color: #000000;\">Por ese motivo, esgrimen que un seguro agr\u00edcola robusto es una mejor herramienta para que el productor afectado pueda hacer frente a las p\u00e9rdidas y al costo de producci\u00f3n. En ese sentido, remarcan que actualmente pagan un seguro de <strong>$250.000<\/strong> por hect\u00e1rea, cuando el costo de producci\u00f3n supera los <em><strong>$1,5 millones.<\/strong><\/em> La intenci\u00f3n de la gesti\u00f3n de Alfredo Cornejo es reasignar recursos para que ese seguro represente\u00a0un monto cercano al costo de producci\u00f3n por hect\u00e1rea, y que contemple tambi\u00e9n la p\u00e9rdida de valor por inflaci\u00f3n.\u00a0<\/span><\/p>\n<p><span style=\"color: #000000;\">En concreto, esgrimen que por a\u00f1o se gastaban m\u00e1s de 10 mil millones de pesos en la\u00a0<strong>lucha antigranizo\u00a0<\/strong>y que ahora ese dinero se reasignar\u00eda a un uso m\u00e1s eficiente <strong><em>\u00abpara impulsar otras herramientas que vayan en forma directa al productor\u00bb.<\/em><\/strong><\/span><\/p>\n","protected":false},"excerpt":{"rendered":"<p>Mientras productores y pilotos marchan a Casa de Gobierno, desde el Ejecutivo intentan calmar las aguas afirmando que se apuesta por &#8230;<\/p>\n","protected":false},"author":7,"featured_media":137678,"comment_status":"open","ping_status":"open","sticky":false,"template":"","format":"standard","meta":{"footnotes":""},"categories":[5],"tags":[],"class_list":["post-137677","post","type-post","status-publish","format-standard","has-post-thumbnail","hentry","category-actualidad"],"_links":{"self":[{"href":"https:\/\/vinasfm.com\/noticias\/wp-json\/wp\/v2\/posts\/137677","targetHints":{"allow":["GET"]}}],"collection":[{"href":"https:\/\/vinasfm.com\/noticias\/wp-json\/wp\/v2\/posts"}],"about":[{"href":"https:\/\/vinasfm.com\/noticias\/wp-json\/wp\/v2\/types\/post"}],"author":[{"embeddable":true,"href":"https:\/\/vinasfm.com\/noticias\/wp-json\/wp\/v2\/users\/7"}],"replies":[{"embeddable":true,"href":"https:\/\/vinasfm.com\/noticias\/wp-json\/wp\/v2\/comments?post=137677"}],"version-history":[{"count":1,"href":"https:\/\/vinasfm.com\/noticias\/wp-json\/wp\/v2\/posts\/137677\/revisions"}],"predecessor-version":[{"id":137679,"href":"https:\/\/vinasfm.com\/noticias\/wp-json\/wp\/v2\/posts\/137677\/revisions\/137679"}],"wp:featuredmedia":[{"embeddable":true,"href":"https:\/\/vinasfm.com\/noticias\/wp-json\/wp\/v2\/media\/137678"}],"wp:attachment":[{"href":"https:\/\/vinasfm.com\/noticias\/wp-json\/wp\/v2\/media?parent=137677"}],"wp:term":[{"taxonomy":"category","embeddable":true,"href":"https:\/\/vinasfm.com\/noticias\/wp-json\/wp\/v2\/categories?post=137677"},{"taxonomy":"post_tag","embeddable":true,"href":"https:\/\/vinasfm.com\/noticias\/wp-json\/wp\/v2\/tags?post=137677"}],"curies":[{"name":"wp","href":"https:\/\/api.w.org\/{rel}","templated":true}]}}