{"id":137657,"date":"2024-07-23T09:41:22","date_gmt":"2024-07-23T12:41:22","guid":{"rendered":"https:\/\/vinasfm.com\/noticias\/?p=137657"},"modified":"2024-07-24T09:11:51","modified_gmt":"2024-07-24T12:11:51","slug":"funcionarios-pampeanos-criticaron-al-consejero-mendocino-del-atuel-y-lo-trataron-de-mentiroso","status":"publish","type":"post","link":"https:\/\/vinasfm.com\/noticias\/funcionarios-pampeanos-criticaron-al-consejero-mendocino-del-atuel-y-lo-trataron-de-mentiroso\/","title":{"rendered":"FUNCIONARIOS PAMPEANOS CRITICARON AL CONSEJERO MENDOCINO DEL ATUEL Y LO TRATARON DE MENTIROSO"},"content":{"rendered":"<h4><span style=\"color: #000000;\">\u00abSi La Pampa hubiera aceptado alguna de las obras propuestas por Mendoza, tendr\u00eda agua desde hace mucho tiempo\u00bb, dijo Villegas. Los funcionarios efurecidos salieron al cruce.<\/span><\/h4>\n<article class=\"article-body first\">\n<div class=\"article-content\">\n<div class=\"cuerpo\" data-twitter-link=\"\">\n<p><span style=\"color: #000000;\">El ida y vuelta con<strong>\u00a0La Pampa<\/strong>\u00a0por el reclamo de agua del\u00a0<strong>r\u00edo Atuel<\/strong>\u00a0tuvo un nuevo cap\u00edtulo despu\u00e9s de que\u00a0<strong>Gustavo Villegas<\/strong>, consejero de Irrigaci\u00f3n por el Atuel, respondiera al gobernador\u00a0<strong>Sergio Ziliotto<\/strong>\u00a0que si su provincia \u00abhubiera aceptado alguna de las obras propuestas por Mendoza, tendr\u00eda agua desde hace mucho tiempo\u00bb.<\/span><\/p>\n<\/div>\n<\/div>\n<\/article>\n<article class=\"article-body\">\n<div class=\"article-content\">\n<div class=\"cuerpo\" data-twitter-link=\"\">\n<p><span style=\"color: #000000;\">Fue Ziliotto el que puso el tema sobre la mesa la semana pasada, cuando se cumplieron cuatro a\u00f1os del fallo de la Corte Suprema de la Naci\u00f3n que orden\u00f3 garantizar un caudal m\u00ednimo de 3,2 m\u00b3\/s de agua del\u00a0<strong>r\u00edo Atuel a La Pampa<\/strong>. En su cuenta de X hab\u00eda dicho: <em><strong>\u00ab<\/strong><strong><em>Ya<\/em> son 4 a\u00f1os en los que Mendoza ignora el fallo, perpetuando el\u00a0ecocidio\u00a0de nuestro Oeste\u00bb.<\/strong><\/em><\/span><\/p>\n<\/div>\n<\/div>\n<\/article>\n<p><span style=\"color: #000000;\">Tras la respuesta de Villegas, el que ahora salt\u00f3 con los tapones de punta fue\u00a0<strong>Gast\u00f3n Kuss<\/strong>, director de Pol\u00edticas H\u00eddricas de La Pampa.<\/span><\/p>\n<p><span style=\"color: #000000;\"><em><strong>\u00abTodos sabemos que\u00a0hay un fallo que no se cumple\u00a0y eso genera esa sensaci\u00f3n de injusticia que es compartida. No hay voluntad de ceder el m\u00ednimo indispensable\u00bb<\/strong><\/em>, lanz\u00f3 el funcionario pampeano a radio Kerm\u00e9s.<\/span><\/p>\n<p><a href=\"https:\/\/vinasfm.com\/noticias\/wp-content\/uploads\/2024\/07\/IMG-20240719-WA0002.jpg\"><img loading=\"lazy\" decoding=\"async\" class=\"alignnone wp-image-137620\" src=\"https:\/\/vinasfm.com\/noticias\/wp-content\/uploads\/2024\/07\/IMG-20240719-WA0002-1024x890.jpg\" alt=\"\" width=\"500\" height=\"435\" srcset=\"https:\/\/vinasfm.com\/noticias\/wp-content\/uploads\/2024\/07\/IMG-20240719-WA0002-1024x890.jpg 1024w, https:\/\/vinasfm.com\/noticias\/wp-content\/uploads\/2024\/07\/IMG-20240719-WA0002-300x261.jpg 300w, https:\/\/vinasfm.com\/noticias\/wp-content\/uploads\/2024\/07\/IMG-20240719-WA0002-768x668.jpg 768w, https:\/\/vinasfm.com\/noticias\/wp-content\/uploads\/2024\/07\/IMG-20240719-WA0002.jpg 1226w\" sizes=\"auto, (max-width: 500px) 100vw, 500px\" \/><\/a><\/p>\n<h2><span style=\"color: #000000;\">Irrigaci\u00f3n le tir\u00f3 la pelota a La Pampa<\/span><\/h2>\n<p><span style=\"color: #000000;\">Luego de que Sergio Ziliotto recordara la\u00a0<strong>sentencia del 16 de julio de 2020<\/strong>, por la que los magistrados Rosenkrantz, Highton de Nolasco, Lorenzetti, Maqueda y Rosatti fallaron a favor de La Pampa en el diferendo por el caudal del r\u00edo Atuel, el consejero de Irrigaci\u00f3n por el Atuel,\u00a0<strong>Gustavo Villegas<\/strong>, mostr\u00f3 todas\u00a0<strong>las obras que Mendoza ofreci\u00f3 y no fueron aceptadas.<\/strong><\/span><\/p>\n<p><span style=\"color: #000000;\">El conflicto por el agua data de 1947, cuando Mendoza empez\u00f3 la construcci\u00f3n de la represa El Nihuil en San Rafael. Seg\u00fan los pampeanos, esto caus\u00f3 un<strong>\u00a0grave impacto ecol\u00f3gico<\/strong>, afectando a las especies aut\u00f3ctonas y obligando a los pobladores del oeste pampeano a emigrar.<\/span><\/p>\n<p><span style=\"color: #000000;\">El alvearense Villegas agreg\u00f3 sobre el video que public\u00f3 el gobernador de La Pampa: \u00abNo es momento de\u00a0<strong>victimizarse\u00a0<\/strong>con acciones maliciosas, inventando un aniversario y utilizando la imagen de ni\u00f1os para correr el eje como lo vienen haciendo desde hace a\u00f1os\u00bb.<\/span><\/p>\n<p><span style=\"color: #000000;\">Y dijo: \u00abEs tiempo de ponerse a trabajar, lograr acuerdos y conseguir el agua que hace falta para satisfacer los usos existentes en Mendoza y para el ambiente natural del noroeste pampeano.\u00a0<strong>Ziliotto debe dejar de gastar dinero en simbolismos y campa\u00f1as medi\u00e1ticas.\u00a0<\/strong>Debe ponerse a trabajar, como lo orden\u00f3 la Corte en el plan de obras para aumentar la oferta h\u00eddrica, para que el agua alcance para las dos provincias\u00bb.<\/span><\/p>\n<p><span style=\"color: #000000;\">Sobre esas obras,\u00a0<strong>Villegas afirm\u00f3 que se trata de un plan de 25 obras, que en su mayor\u00eda contaron con el aval de la Naci\u00f3n<\/strong>. Cinco de ellas son de mayor relevancia, public\u00f3 Irrigaci\u00f3n en su p\u00e1gina oficial.<\/span><\/p>\n<h2><span style=\"color: #000000;\">Las obras que Irrigaci\u00f3n asegura que propuso a La Pampa<\/span><\/h2>\n<p><span style=\"color: #000000;\">La provincia de La Pampa\u00a0<strong>reclam\u00f3 un caudal<\/strong>\u00a0a trav\u00e9s de la Corte Suprema de Justicia de la Naci\u00f3n (CSJN). Por falta de acuerdo entre las provincias lo fij\u00f3 en 3.2 m\u00b3\/s como m\u00ednimo permanente y solicit\u00f3 a las partes que dise\u00f1en un\u00a0<strong>plan de obras y acciones<\/strong>\u00a0para obtener ese caudal, ya sea de nuevas fuentes, del ahorro o el manejo del agua.<\/span><\/p>\n<p><span style=\"color: #000000;\"><strong>1-PERFORACIONES<\/strong><\/span><\/p>\n<p><span style=\"color: #000000;\">El \u00e1rea de influencia corresponde a todo el sector de la cuenca del Atuel. Se han localizado 23 perforaciones y desarrollado a nivel ejecutivo. Cada perforaci\u00f3n ir\u00eda a 200 m de profundidad aproximadamente y se estima que aporte un caudal no menor a 40 l\/s por cada perforaci\u00f3n y promedio de 50 l\/s. Las\u00a0<strong>23 perforaciones<\/strong>\u00a0aportar\u00edan cerca de 1 m3\/s de manera permanente. El proyecto busca incrementar la oferta de agua en la cuenca.<\/span><\/p>\n<p><span style=\"color: #000000;\"><strong>2-ENCAUCES\/REVESTIMIENTOS EN EL TRAMO CARMENSA-VINCHUQUEROS<\/strong><\/span><\/p>\n<p><span style=\"color: #000000;\">El \u00e1rea de influencia corresponde a todo el sector del r\u00edo Atuel entre Carmensa y Puente Vinchuqueros, e incide directamente en los caudales que llegan a territorio pampeano.<\/span><\/p>\n<p><span style=\"color: #000000;\">En el tramo existen una gran cantidad de\u00a0<strong>meandros que podr\u00edan rectificarse<\/strong>\u00a0en algunos tramos individualizados, mejorar\u00eda la conducci\u00f3n y disminuir\u00eda las p\u00e9rdidas. Por la caracter\u00edstica de todo el tramo de r\u00edo la acci\u00f3n de intervenci\u00f3n ser\u00eda m\u00ednima. El tramo puede encauzarse y revestirse con membrana soterrada u otro con una eficiencia econ\u00f3mica (costo por hm3\/a\u00f1o recuperado) mejor al promedio.<\/span><\/p>\n<p><span style=\"color: #000000;\"><strong>3-TRAMO SUPERIOR CANAL DEL MARGINAL DEL ATUEL<\/strong><\/span><\/p>\n<p><span style=\"color: #000000;\">El \u00e1rea de proyecto se desarrolla a trav\u00e9s de los distritos mendocinos de\u00a0<strong>Rama Ca\u00edda, Las Malvinas y Villa Atuel<\/strong>, del departamento de San Rafael, aunque su influencia se extiende m\u00e1s all\u00e1 de estos.<\/span><\/p>\n<p><span style=\"color: #000000;\">Esta obra considera dos etapas de intervenci\u00f3n. La primera se refiere a los trabajos en la solera del r\u00edo, en una longitud de 5.5 km en el tramo ubicado en la zona de inicio de las obras, a la salida hacia la llanura del r\u00edo en Valle Grande y el correspondiente Azud de toma del canal Correa.\u00a0<strong>La obra atenuar\u00eda (no evitar\u00eda) las p\u00e9rdidas por infiltraci\u00f3n<\/strong>\u00a0que, aunque retornan aguas abajo por ser un r\u00edo ganador, lo hacen con mayor salinidad.<\/span><\/p>\n<p><span style=\"color: #000000;\">La segunda etapa de intervenci\u00f3n consiste en la construcci\u00f3n de\u00a0<strong>un tramo de canal revestido en hormig\u00f3n armado<\/strong>, de caracter\u00edsticas telesc\u00f3picas con derivadas a lo largo, con derivadas que incluyen obras singulares para su operaci\u00f3n, con la longitud total de traza de 37.14 km. Su punto inicial se ubica en la zona final del sector del r\u00edo enmarcado por elevaciones, al inicio de la planicie irrigada, y su punto final en la actual toma del Canal Marginal, en el paraje de la Guevarina (San Rafael).<\/span><\/p>\n<p><span style=\"color: #000000;\">El proyecto generar\u00eda\u00a0<strong>menores p\u00e9rdidas por infiltraci\u00f3n y una optimizaci\u00f3n de la eficiencia<\/strong>\u00a0en la distribuci\u00f3n del sistema en general, ya que aportar\u00eda a una mejora en el servicio de entrega. Mejorar\u00eda tambi\u00e9n las condiciones de operaci\u00f3n y defensa ante crecidas aluvionales en la zona del Ca\u00f1\u00f3n del Atuel.<\/span><\/p>\n<p><span style=\"color: #000000;\"><strong>4-ESTUDIOS ZONA SOSNEADO \u2013 LA JUNTA<\/strong><\/span><\/p>\n<p><span style=\"color: #000000;\">Abarca la zona del cauce del r\u00edo Atuel desde la localidad de El Sosneado hacia el este y desde el cruce de la Ruta 40 con el r\u00edo Salado, con direcci\u00f3n al Este hasta la unificaci\u00f3n de ambos cursos en uno solo, que cubre una superficie de 50 km\u00b2 aproximadamente.\u00a0<strong>Esta zona es de caracter\u00edsticas de brazos entrelazados del r\u00edo, con suelos muy permeables<\/strong>\u00a0y consecuentemente tendr\u00eda una alta infiltraci\u00f3n.<\/span><\/p>\n<p><span style=\"color: #000000;\">Se busca estudiar alternativas que permitan\u00a0<strong>encauzar en un \u00fanico brazo<\/strong>. Y determinar las obras necesarias que disminuir\u00edan las p\u00e9rdidas por infiltraci\u00f3n en el cauce del r\u00edo.<\/span><\/p>\n<p><span style=\"color: #000000;\"><strong>5-RESERVORIO REGULADOR L\u00cdMITE INTERPROVINCIAL<\/strong><\/span><\/p>\n<p><span style=\"color: #000000;\">El \u00e1rea de influencia corresponde a la cuenca del Atuel Inferior, en la provincia de La Pampa. El funcionamiento hidr\u00e1ulico previsto consiste en\u00a0<strong>tomar parte de los caudales ataje.<\/strong><\/span><\/p>\n<p><span style=\"color: #000000;\">El objetivo del proyecto es<strong>\u00a0regular las oscilaciones propias del r\u00edo<\/strong>\u00a0luego de recorrer 280 km desde la obra de regulaci\u00f3n en Valle Grande, para mantener un caudal constante aguas debajo de 3.2 m\u00b3\/s.<\/span><\/p>\n<h2><span style=\"color: #000000;\">Funcionario pampeano tild\u00f3 de mentiroso el listado de Irrigaci\u00f3n<\/span><\/h2>\n<p><span style=\"color: #000000;\">El\u00a0<strong>director de Pol\u00edticas H\u00eddricas de la provincia, Gast\u00f3n Buss<\/strong>, fue otro de los que sali\u00f3 al cruce del consejero mendocino.<\/span><\/p>\n<p><span style=\"color: #000000;\">Buss asegur\u00f3 que \u00ab<strong>La Pampa justific\u00f3 t\u00e9cnicamente su postura ante cada una<\/strong>, e incluso Mendoza descart\u00f3 algunas de ellas\u00bb y que \u00abes muy f\u00e1cil denunciar con base en mentiras\u00bb.<\/span><\/p>\n<p><span style=\"color: #000000;\">\u00abHoy en d\u00eda la informaci\u00f3n est\u00e1 much\u00edsimo m\u00e1s al alcance de todos,\u00a0<strong>todos sabemos que hay un fallo que no se cumple\u00a0<\/strong>y eso genera esa sensaci\u00f3n de injusticia que es compartida\u00bb, dijo en una radio local.<\/span><\/p>\n<p><span style=\"color: #000000;\"><img loading=\"lazy\" decoding=\"async\" class=\"\" src=\"https:\/\/media.diariouno.com.ar\/p\/8a1a8e0e91166e1f60dbaab3737e17a7\/adjuntos\/298\/imagenes\/009\/374\/0009374016\/1200x0\/smart\/rio-atuel-la-pampa-gaston-buss-funcionariojpg.jpg\" width=\"500\" height=\"281\" \/><\/span><\/p>\n<p><span style=\"color: #000000;\">Y record\u00f3 que \u00abla Justicia dispuso que\u00a0<strong>tiene que haber cierta cantidad de agua corriendo por el Atuel<\/strong>\u00a0para recomponer el sistema. Hace cuatro a\u00f1os que se dispuso y pese a eso, hoy no se est\u00e1 cumpliendo\u00bb.<\/span><\/p>\n<p><span style=\"color: #000000;\">Y sum\u00f3: \u00abLuego de que la Corte estableciera ese caudal de agua,\u00a0<strong>hubo un trabajo muy intenso, con discusiones sobre las obras<\/strong>. Cuando se dice que La Pampa no acepta,\u00a0<strong>que hay un &#8216;capricho&#8217; para seguir con esta situaci\u00f3n, la verdad es que no es as\u00ed, sino que hay un trabajo<\/strong>\u00a0justamente para definir propuestas que nos acerquen a una soluci\u00f3n\u00bb.<\/span><\/p>\n<p><span style=\"color: #000000;\">Buss lanz\u00f3 su verdad: \u00ab<strong>Mendoza usa un 100% del agua y hay una negativa a ceder as\u00ed sea el m\u00ednimo.\u00a0<\/strong>De hecho el 3,2 de metros c\u00fabicos es el 10% del r\u00edo. No hay voluntad de ceder el m\u00ednimo indispensable\u00bb.<\/span><\/p>\n<p><span style=\"color: #000000;\">Y puntualmente sobre los proyectos de obras propuestas por Mendoza, el pampeano\u00a0<strong>denunci\u00f3<\/strong>: \u00abNosotros quer\u00edamos avanzar en una zona de recupero de caudales por encima de lo que es el \u00e1rea de los embalses.\u00a0<strong>Cuando ellos se dan cuenta de que es posible recuperar agua, directamente dan de baja la obra<\/strong>\u00ab.<\/span><\/p>\n<p><span style=\"color: #000000;\"><strong>Y trat\u00f3 de mentiroso a Villegas<\/strong>: \u00abEse listado de obras que Mendoza dice que La Pampa no accedi\u00f3, es mentira\u00bb.<\/span><\/p>\n<h6>Diario UNO<\/h6>\n","protected":false},"excerpt":{"rendered":"<p>\u00abSi La Pampa hubiera aceptado alguna de las obras propuestas por Mendoza, tendr\u00eda agua desde hace mucho tiempo\u00bb, dijo Villegas. Los &#8230;<\/p>\n","protected":false},"author":7,"featured_media":137662,"comment_status":"open","ping_status":"open","sticky":false,"template":"","format":"standard","meta":{"footnotes":""},"categories":[5,54],"tags":[],"class_list":["post-137657","post","type-post","status-publish","format-standard","has-post-thumbnail","hentry","category-actualidad","category-conflicto-con-la-pampa"],"_links":{"self":[{"href":"https:\/\/vinasfm.com\/noticias\/wp-json\/wp\/v2\/posts\/137657","targetHints":{"allow":["GET"]}}],"collection":[{"href":"https:\/\/vinasfm.com\/noticias\/wp-json\/wp\/v2\/posts"}],"about":[{"href":"https:\/\/vinasfm.com\/noticias\/wp-json\/wp\/v2\/types\/post"}],"author":[{"embeddable":true,"href":"https:\/\/vinasfm.com\/noticias\/wp-json\/wp\/v2\/users\/7"}],"replies":[{"embeddable":true,"href":"https:\/\/vinasfm.com\/noticias\/wp-json\/wp\/v2\/comments?post=137657"}],"version-history":[{"count":1,"href":"https:\/\/vinasfm.com\/noticias\/wp-json\/wp\/v2\/posts\/137657\/revisions"}],"predecessor-version":[{"id":137660,"href":"https:\/\/vinasfm.com\/noticias\/wp-json\/wp\/v2\/posts\/137657\/revisions\/137660"}],"wp:featuredmedia":[{"embeddable":true,"href":"https:\/\/vinasfm.com\/noticias\/wp-json\/wp\/v2\/media\/137662"}],"wp:attachment":[{"href":"https:\/\/vinasfm.com\/noticias\/wp-json\/wp\/v2\/media?parent=137657"}],"wp:term":[{"taxonomy":"category","embeddable":true,"href":"https:\/\/vinasfm.com\/noticias\/wp-json\/wp\/v2\/categories?post=137657"},{"taxonomy":"post_tag","embeddable":true,"href":"https:\/\/vinasfm.com\/noticias\/wp-json\/wp\/v2\/tags?post=137657"}],"curies":[{"name":"wp","href":"https:\/\/api.w.org\/{rel}","templated":true}]}}