{"id":137655,"date":"2024-07-23T10:10:01","date_gmt":"2024-07-23T13:10:01","guid":{"rendered":"https:\/\/vinasfm.com\/noticias\/?p=137655"},"modified":"2024-07-23T11:16:49","modified_gmt":"2024-07-23T14:16:49","slug":"caravanazo-agricola-referentes-del-agro-se-manifestaran-en-casa-de-gobierno","status":"publish","type":"post","link":"https:\/\/vinasfm.com\/noticias\/caravanazo-agricola-referentes-del-agro-se-manifestaran-en-casa-de-gobierno\/","title":{"rendered":"CARAVANAZO AGR\u00cdCOLA: REFERENTES DEL AGRO SE MANIFESTAR\u00c1N EN CASA DE GOBIERNO"},"content":{"rendered":"<h4><span style=\"color: #000000;\"><strong>La cita es las 11:00 horas en Casa de Gobierno, pero tambi\u00e9n habr\u00e1 movilizaciones en el resto de la provincia.<\/strong><\/span><\/h4>\n<p><span style=\"color: #000000;\">Productores de todos los rincones de Mendoza se movilizar\u00e1n para defender al sector productivo de la provincia. La decisi\u00f3n del Gobierno Provincial de levantar la Lucha Antigranizo, sin consultar a los propios actores, caus\u00f3 un gran malestar en el sector.<\/span><\/p>\n<p><span style=\"color: #000000;\">La caravana de\u00a0productores\u00a0partir\u00e1 a las 8 de la ma\u00f1ana desde diferentes puntos: el Este, el Valle de Uco, el Sur provincial y Lavalle. Seg\u00fan lo estimado, se concentrar\u00e1n frente a Casa de Gobierno a las 11 de la ma\u00f1ana, donde esperan ser recibidos por autoridades provinciales para plantear sus demandas.<\/span><\/p>\n<p><span style=\"color: #000000;\"><span style=\"color: #003366;\"><strong>Jos\u00e9 Luis Matellanes<\/strong><\/span>, referente del agro en General Alvear, explic\u00f3 que <strong><em>\u201cel principal reclamo es sobre la continuidad de la Lucha Antigranizo, buscando el apoyo del Gobierno para seguir contando con las herramientas necesarias para proteger el agro mendocino\u201d. <\/em><\/strong><\/span><\/p>\n<p><span style=\"color: #000000;\">En ese contexto, Matellanes se refiri\u00f3 a la propuesta de Alejandro Molero<em> (Intendente de General Alvear)<\/em> de mantener la lucha activa en el Sur de Mendoza. <strong><em>\u201cEs una idea infructuosa. El sistema tiene una base operacional y cuando los aviones tengan que volver al aeropuerto nos vamos a quedar sin protecci\u00f3n, hay muchos detalles que ajustar y es por eso que veo dif\u00edcil que funcione esta idea\u201d. <\/em><\/strong><\/span><\/p>\n<p><span style=\"color: #000000;\">En cuanto a la posici\u00f3n de las C\u00e1maras de Comercio de <strong>General Alvear y San Rafael<\/strong> dentro de esta manifestaci\u00f3n se\u00f1al\u00f3 que \u00a0<strong><em>\u201chan realizado distintas reuniones d\u00e1ndole voz a los productores, pero tambi\u00e9n se est\u00e1n encargando de otros temas como lo es la Ley de Aguas y Portezuelo del Viento\u201d. <\/em><\/strong><\/span><\/p>\n<h2><span style=\"color: #000000;\">El <span style=\"color: #003366;\"><strong>POS<\/strong><\/span> de Real del Padre ser\u00e1 el gran ausente en esta jornada<\/span><\/h2>\n<p><span style=\"color: #000000;\">Considerando que existe la posibilidad de que el Gobierno Provincial reanude el sistema de Lucha Antigranizo, desde la Agrupaci\u00f3n de Productores del Oasis Sur explicaron que<em><strong> \u00aben una reuni\u00f3n realizada el d\u00eda 19 de julio, se resolvi\u00f3 no adherir a la marcha convocada ya que creemos que a\u00fan existe la posibilidad de di\u00e1logo para lograr poner en marcha nuevamente la Lucha Antigranizo. Nos sentimos parte de este posible acuerdo ya que desde el comienzo sumamos ideas y fuimos escuchados\u00bb.<\/strong><\/em><\/span><\/p>\n<p><span style=\"color: #000000;\">Sin embargo, durante la noche del lunes, desde la cartera que conduce Rodolfo Vargas Arizu aseguraron que la decisi\u00f3n de dar de baja a la lucha antigranizo sigue firme y que no tienen pensado dar vuelta atr\u00e1s con su decisi\u00f3n.<\/span><\/p>\n","protected":false},"excerpt":{"rendered":"<p>La cita es las 11:00 horas en Casa de Gobierno, pero tambi\u00e9n habr\u00e1 movilizaciones en el resto de la provincia. Productores &#8230;<\/p>\n","protected":false},"author":7,"featured_media":137668,"comment_status":"open","ping_status":"open","sticky":false,"template":"","format":"standard","meta":{"footnotes":""},"categories":[1],"tags":[],"class_list":["post-137655","post","type-post","status-publish","format-standard","has-post-thumbnail","hentry","category-fmvinas"],"_links":{"self":[{"href":"https:\/\/vinasfm.com\/noticias\/wp-json\/wp\/v2\/posts\/137655","targetHints":{"allow":["GET"]}}],"collection":[{"href":"https:\/\/vinasfm.com\/noticias\/wp-json\/wp\/v2\/posts"}],"about":[{"href":"https:\/\/vinasfm.com\/noticias\/wp-json\/wp\/v2\/types\/post"}],"author":[{"embeddable":true,"href":"https:\/\/vinasfm.com\/noticias\/wp-json\/wp\/v2\/users\/7"}],"replies":[{"embeddable":true,"href":"https:\/\/vinasfm.com\/noticias\/wp-json\/wp\/v2\/comments?post=137655"}],"version-history":[{"count":7,"href":"https:\/\/vinasfm.com\/noticias\/wp-json\/wp\/v2\/posts\/137655\/revisions"}],"predecessor-version":[{"id":137676,"href":"https:\/\/vinasfm.com\/noticias\/wp-json\/wp\/v2\/posts\/137655\/revisions\/137676"}],"wp:featuredmedia":[{"embeddable":true,"href":"https:\/\/vinasfm.com\/noticias\/wp-json\/wp\/v2\/media\/137668"}],"wp:attachment":[{"href":"https:\/\/vinasfm.com\/noticias\/wp-json\/wp\/v2\/media?parent=137655"}],"wp:term":[{"taxonomy":"category","embeddable":true,"href":"https:\/\/vinasfm.com\/noticias\/wp-json\/wp\/v2\/categories?post=137655"},{"taxonomy":"post_tag","embeddable":true,"href":"https:\/\/vinasfm.com\/noticias\/wp-json\/wp\/v2\/tags?post=137655"}],"curies":[{"name":"wp","href":"https:\/\/api.w.org\/{rel}","templated":true}]}}