{"id":137652,"date":"2024-07-23T09:26:28","date_gmt":"2024-07-23T12:26:28","guid":{"rendered":"https:\/\/vinasfm.com\/noticias\/?p=137652"},"modified":"2024-07-24T08:11:45","modified_gmt":"2024-07-24T11:11:45","slug":"economia-social-brindo-una-importante-capacitacion-destinada-a-emprendedores-locales","status":"publish","type":"post","link":"https:\/\/vinasfm.com\/noticias\/economia-social-brindo-una-importante-capacitacion-destinada-a-emprendedores-locales\/","title":{"rendered":"ECONOM\u00cdA SOCIAL BRIND\u00d3 UNA IMPORTANTE CAPACITACI\u00d3N DESTINADA A EMPRENDEDORES LOCALES"},"content":{"rendered":"<h4><span style=\"color: #000000;\"><strong>Se realiz\u00f3 durante la jornada del lunes y con ella se busc\u00f3 ampliar los conocimientos de los emprendedores, fomentando el crecimiento de sus proyectos.\u00a0<\/strong><\/span><\/h4>\n<p><span style=\"color: #000000;\">En la ma\u00f1ana del lunes, el Sal\u00f3n San Mart\u00edn del HCD se convirti\u00f3 en un foro de emprendedores en donde distintos disertantes brindaron herramientas que permitir\u00e1n el desarrollo de los emprendedores locales. <span style=\"color: #003366;\"><strong>Carlos Ferreira<\/strong><\/span>, del \u00e1rea de Econom\u00eda Social, se\u00f1al\u00f3 que <strong><em>\u00abestas capacitaciones, que se dictan en distintos puntos de la provincia, apuntan a la formaci\u00f3n de emprendedores y a que conozcan como gestionarlo de forma eficiente\u00bb.\u00a0<\/em><\/strong><\/span><\/p>\n<p><span style=\"color: #000000;\">As\u00ed mismo <span style=\"color: #003366;\"><strong>Gustavo Gonz\u00e1lez<\/strong> <\/span>explic\u00f3 que <strong><em>\u00abfortalecer la econom\u00eda social es fundamental para el desarrollo de los municipios. Hay muchos actores econ\u00f3micos que se ven fortalecidos no solamente a trav\u00e9s de la transferencia directa de recursos, sino a trav\u00e9s de estas herramientas que brinda el gobierno de la provincia en coordinaci\u00f3n con los municipios\u00bb.<\/em><\/strong> En ese contexto, manifest\u00f3 que <strong><em>\u00abGeneral Alvear tiene una actividad emprendedora que se destaca, pero en todos los departamentos tenemos como objetivo potenciar esta actividad\u00bb.\u00a0<\/em><\/strong><\/span><\/p>\n<h4><span style=\"color: #000000;\"><strong><em>El objetivo principal de esta capacitaciones es que todos los emprendedores hablen el mismo idioma y cuenten con las mismas herramientas a su alcance. En base al cr\u00edtico contexto socioecon\u00f3mico, los especialistas manifestaron que el \u00abemprendedor tiene un panorama complicado a la hora de decidir si va a poder cumplir con la formalizaci\u00f3n como corresponde. La parte negativa siempre afecta al bolsillo del emprendedor, por eso siempre buscamos que encuentren <\/em><\/strong><strong><em>el momento indicado para iniciar con el proyecto y pueda sostenerlo\u00bb.<\/em><\/strong><\/span><\/h4>\n<h4><\/h4>\n<p>&nbsp;<\/p>\n","protected":false},"excerpt":{"rendered":"<p>Se realiz\u00f3 durante la jornada del lunes y con ella se busc\u00f3 ampliar los conocimientos de los emprendedores, fomentando el crecimiento &#8230;<\/p>\n","protected":false},"author":7,"featured_media":137659,"comment_status":"open","ping_status":"open","sticky":false,"template":"","format":"standard","meta":{"footnotes":""},"categories":[5,195],"tags":[],"class_list":["post-137652","post","type-post","status-publish","format-standard","has-post-thumbnail","hentry","category-actualidad","category-emprendedores-2"],"_links":{"self":[{"href":"https:\/\/vinasfm.com\/noticias\/wp-json\/wp\/v2\/posts\/137652","targetHints":{"allow":["GET"]}}],"collection":[{"href":"https:\/\/vinasfm.com\/noticias\/wp-json\/wp\/v2\/posts"}],"about":[{"href":"https:\/\/vinasfm.com\/noticias\/wp-json\/wp\/v2\/types\/post"}],"author":[{"embeddable":true,"href":"https:\/\/vinasfm.com\/noticias\/wp-json\/wp\/v2\/users\/7"}],"replies":[{"embeddable":true,"href":"https:\/\/vinasfm.com\/noticias\/wp-json\/wp\/v2\/comments?post=137652"}],"version-history":[{"count":2,"href":"https:\/\/vinasfm.com\/noticias\/wp-json\/wp\/v2\/posts\/137652\/revisions"}],"predecessor-version":[{"id":137654,"href":"https:\/\/vinasfm.com\/noticias\/wp-json\/wp\/v2\/posts\/137652\/revisions\/137654"}],"wp:featuredmedia":[{"embeddable":true,"href":"https:\/\/vinasfm.com\/noticias\/wp-json\/wp\/v2\/media\/137659"}],"wp:attachment":[{"href":"https:\/\/vinasfm.com\/noticias\/wp-json\/wp\/v2\/media?parent=137652"}],"wp:term":[{"taxonomy":"category","embeddable":true,"href":"https:\/\/vinasfm.com\/noticias\/wp-json\/wp\/v2\/categories?post=137652"},{"taxonomy":"post_tag","embeddable":true,"href":"https:\/\/vinasfm.com\/noticias\/wp-json\/wp\/v2\/tags?post=137652"}],"curies":[{"name":"wp","href":"https:\/\/api.w.org\/{rel}","templated":true}]}}