{"id":137585,"date":"2024-07-19T11:53:12","date_gmt":"2024-07-19T14:53:12","guid":{"rendered":"https:\/\/vinasfm.com\/noticias\/?p=137585"},"modified":"2024-07-22T09:05:20","modified_gmt":"2024-07-22T12:05:20","slug":"andrea-perez-bernal-sera-la-nueva-jefa-del-pami-en-general-alvear","status":"publish","type":"post","link":"https:\/\/vinasfm.com\/noticias\/andrea-perez-bernal-sera-la-nueva-jefa-del-pami-en-general-alvear\/","title":{"rendered":"ANDREA P\u00c9REZ BERNAL SER\u00c1 LA NUEVA JEFA DEL PAMI EN GENERAL ALVEAR"},"content":{"rendered":"<h4><span style=\"color: #000000;\">El nombramiento de la Lic. en Obstetricia fue firmado por el director ejecutivo del PAMI, Esteban Ernesto Leguizam\u00f3n.<\/span><\/h4>\n<p><span style=\"color: #000000;\">El nuevo titular del <strong>PAMI<\/strong> en Mendoza, <span style=\"color: #000080;\"><strong>David Litvinchuk<\/strong><\/span>, oficializ\u00f3 la designaci\u00f3n de 20 funcionarios para diversas agencias y centros de atenci\u00f3n departamentales. Litvinchuk lleg\u00f3 al cargo impulsado por la diputada libertaria<strong><span style=\"color: #000080;\"> Lourdes Arrieta<\/span><\/strong>, quien tiene un fuerte v\u00ednculo con la secretaria General de la Presidencia, <span style=\"color: #000080;\"><strong>Karina Milei.<\/strong><\/span><\/span><\/p>\n<p><span style=\"color: #000000;\">De entre los 20 nombres que asumir\u00e1n la direcci\u00f3n de distintas delegaciones del Instituto Nacional de Servicios Sociales para Jubilados y Pensionados en Mendoza, destaca el de <span style=\"color: #000080;\"><strong>Adrea P\u00e9rez Bernal.<\/strong><\/span> La Licenciada en Obstetricia y ex precandidata a Intendente en General Alvear, asumir\u00e1 el cargo que ocupaba el Odont\u00f3logo Odont\u00f3logo<span style=\"color: #000080;\"><strong> Javier Am\u00e9rico Fagetti.<\/strong><\/span><\/span><\/p>\n<p><span style=\"color: #000000;\">Si bien su nombramiento ya fue firmado por el director ejecutivo del PAMI, <span style=\"color: #000080;\"><strong>Esteban Ernesto Leguizam\u00f3n<\/strong><\/span>, a\u00fan resta que se confirme la fecha en la que asumir\u00e1 la direcci\u00f3n del PAMI en General Alvear. Bowen tambi\u00e9n tendr\u00e1 un nuevo delegado puesto que el M\u00e9dico Pediatra, <span style=\"color: #000080;\"><strong>Eduardo Noguerol<\/strong><\/span>, cumplir\u00e1 ese rol.\u00a0<\/span><\/p>\n","protected":false},"excerpt":{"rendered":"<p>El nombramiento de la Lic. en Obstetricia fue firmado por el director ejecutivo del PAMI, Esteban Ernesto Leguizam\u00f3n. El nuevo titular &#8230;<\/p>\n","protected":false},"author":7,"featured_media":137588,"comment_status":"open","ping_status":"open","sticky":false,"template":"","format":"standard","meta":{"footnotes":""},"categories":[5,64],"tags":[],"class_list":["post-137585","post","type-post","status-publish","format-standard","has-post-thumbnail","hentry","category-actualidad","category-pami"],"_links":{"self":[{"href":"https:\/\/vinasfm.com\/noticias\/wp-json\/wp\/v2\/posts\/137585","targetHints":{"allow":["GET"]}}],"collection":[{"href":"https:\/\/vinasfm.com\/noticias\/wp-json\/wp\/v2\/posts"}],"about":[{"href":"https:\/\/vinasfm.com\/noticias\/wp-json\/wp\/v2\/types\/post"}],"author":[{"embeddable":true,"href":"https:\/\/vinasfm.com\/noticias\/wp-json\/wp\/v2\/users\/7"}],"replies":[{"embeddable":true,"href":"https:\/\/vinasfm.com\/noticias\/wp-json\/wp\/v2\/comments?post=137585"}],"version-history":[{"count":2,"href":"https:\/\/vinasfm.com\/noticias\/wp-json\/wp\/v2\/posts\/137585\/revisions"}],"predecessor-version":[{"id":137618,"href":"https:\/\/vinasfm.com\/noticias\/wp-json\/wp\/v2\/posts\/137585\/revisions\/137618"}],"wp:featuredmedia":[{"embeddable":true,"href":"https:\/\/vinasfm.com\/noticias\/wp-json\/wp\/v2\/media\/137588"}],"wp:attachment":[{"href":"https:\/\/vinasfm.com\/noticias\/wp-json\/wp\/v2\/media?parent=137585"}],"wp:term":[{"taxonomy":"category","embeddable":true,"href":"https:\/\/vinasfm.com\/noticias\/wp-json\/wp\/v2\/categories?post=137585"},{"taxonomy":"post_tag","embeddable":true,"href":"https:\/\/vinasfm.com\/noticias\/wp-json\/wp\/v2\/tags?post=137585"}],"curies":[{"name":"wp","href":"https:\/\/api.w.org\/{rel}","templated":true}]}}