{"id":137541,"date":"2024-07-18T10:58:36","date_gmt":"2024-07-18T13:58:36","guid":{"rendered":"https:\/\/vinasfm.com\/noticias\/?p=137541"},"modified":"2024-07-19T09:55:43","modified_gmt":"2024-07-19T12:55:43","slug":"libres-del-sur-lleva-adelante-una-campana-de-recoleccion-de-juguetes","status":"publish","type":"post","link":"https:\/\/vinasfm.com\/noticias\/libres-del-sur-lleva-adelante-una-campana-de-recoleccion-de-juguetes\/","title":{"rendered":"LIBRES DEL SUR LLEVA ADELANTE UNA CAMPA\u00d1A DE RECOLECCI\u00d3N DE JUGUETES"},"content":{"rendered":"<h4><span style=\"color: #000000;\">De cara al D\u00eda del Ni\u00f1o, la agrupaci\u00f3n pol\u00edtica pone en marcha una campa\u00f1a que busca llevarle alegr\u00eda a los ni\u00f1os.<\/span><\/h4>\n<p><span style=\"color: #000000;\">El pr\u00f3ximo domingo 18 de agosto se celebra el D\u00eda del Ni\u00f1o en todo el pa\u00eds, es por ello que desde Libres del Sur iniciaron una campa\u00f1a de recolecci\u00f3n de juguetes para agasajar a los ni\u00f1os que asisten a los distintos merenderos con los que trabajan. Martha Dom\u00ednguez se\u00f1al\u00f3 que <em><strong>\u00aba partir de este viernes, desde las 10:00 horas, comenzaremos a recorrer el radio c\u00e9ntrico solicitando la colaboraci\u00f3n de distintos comerciantes\u00bb.<\/strong><\/em><\/span><\/p>\n<p><span style=\"color: #000000;\">La dura realidad socioecon\u00f3mica a causado una gran demanda en los distintos merenderos, de tal forma que en Carmensa se asiste a casi 90 ni\u00f1os, en Bowen a 30 y en Alvear Oeste a 45 ni\u00f1os. <em><strong>\u00abLa mayor\u00eda de estos merenderos comenzaron a funcionar a principios del 2024 y con el correr de los meses hemos notado que se duplic\u00f3 la asistencia de vecinos\u00bb<\/strong><\/em>, resalt\u00f3 Dom\u00ednguez y agreg\u00f3 que <strong><em>\u00abhace algunas semanas comenzaron a funcionar nuevos merenderos, en zonas m\u00e1s a alejadas, que de a poco se est\u00e1n dando a conocer\u00bb.\u00a0<\/em><\/strong><\/span><\/p>\n<p><span style=\"color: #000000;\"><em><strong>\u201cSiempre es importante la colaboraci\u00f3n y acompa\u00f1amiento de los vecinos porque, si bien disponemos de algunos recursos que nos permiten llevar adelante estas acciones, la situaci\u00f3n se torna cada vez m\u00e1s dif\u00edcil y una mayor demanda en los sectores m\u00e1s vulnerables\u201d<\/strong><\/em>, expres\u00f3 Martha Dom\u00ednguez, de Libres del Sur.<\/span><\/p>\n","protected":false},"excerpt":{"rendered":"<p>De cara al D\u00eda del Ni\u00f1o, la agrupaci\u00f3n pol\u00edtica pone en marcha una campa\u00f1a que busca llevarle alegr\u00eda a los ni\u00f1os. &#8230;<\/p>\n","protected":false},"author":7,"featured_media":137543,"comment_status":"open","ping_status":"open","sticky":false,"template":"","format":"standard","meta":{"footnotes":""},"categories":[5,11],"tags":[],"class_list":["post-137541","post","type-post","status-publish","format-standard","has-post-thumbnail","hentry","category-actualidad","category-sociales"],"_links":{"self":[{"href":"https:\/\/vinasfm.com\/noticias\/wp-json\/wp\/v2\/posts\/137541","targetHints":{"allow":["GET"]}}],"collection":[{"href":"https:\/\/vinasfm.com\/noticias\/wp-json\/wp\/v2\/posts"}],"about":[{"href":"https:\/\/vinasfm.com\/noticias\/wp-json\/wp\/v2\/types\/post"}],"author":[{"embeddable":true,"href":"https:\/\/vinasfm.com\/noticias\/wp-json\/wp\/v2\/users\/7"}],"replies":[{"embeddable":true,"href":"https:\/\/vinasfm.com\/noticias\/wp-json\/wp\/v2\/comments?post=137541"}],"version-history":[{"count":2,"href":"https:\/\/vinasfm.com\/noticias\/wp-json\/wp\/v2\/posts\/137541\/revisions"}],"predecessor-version":[{"id":137546,"href":"https:\/\/vinasfm.com\/noticias\/wp-json\/wp\/v2\/posts\/137541\/revisions\/137546"}],"wp:featuredmedia":[{"embeddable":true,"href":"https:\/\/vinasfm.com\/noticias\/wp-json\/wp\/v2\/media\/137543"}],"wp:attachment":[{"href":"https:\/\/vinasfm.com\/noticias\/wp-json\/wp\/v2\/media?parent=137541"}],"wp:term":[{"taxonomy":"category","embeddable":true,"href":"https:\/\/vinasfm.com\/noticias\/wp-json\/wp\/v2\/categories?post=137541"},{"taxonomy":"post_tag","embeddable":true,"href":"https:\/\/vinasfm.com\/noticias\/wp-json\/wp\/v2\/tags?post=137541"}],"curies":[{"name":"wp","href":"https:\/\/api.w.org\/{rel}","templated":true}]}}