{"id":137538,"date":"2024-07-18T10:22:36","date_gmt":"2024-07-18T13:22:36","guid":{"rendered":"https:\/\/vinasfm.com\/noticias\/?p=137538"},"modified":"2024-07-19T09:56:06","modified_gmt":"2024-07-19T12:56:06","slug":"vialidad-provincial-corto-la-ruta-provincial-222-que-lleva-a-las-lenas","status":"publish","type":"post","link":"https:\/\/vinasfm.com\/noticias\/vialidad-provincial-corto-la-ruta-provincial-222-que-lleva-a-las-lenas\/","title":{"rendered":"VIALIDAD PROVINCIAL CORT\u00d3 LA RUTA PROVINCIAL 222 QUE LLEVA A LAS LE\u00d1AS"},"content":{"rendered":"<h4><span style=\"color: #000000;\">La decisi\u00f3n se conoci\u00f3 en la jornada del martes.<\/span><\/h4>\n<p><span style=\"color: #000000;\">En un breve comunicado, la <strong>Direcci\u00f3n de Vialidad Provincial<\/strong> inform\u00f3 que fue cortado el tr\u00e1nsito al Centro de Esqu\u00ed \u00abLas Le\u00f1as\u00bb, por <strong>Ruta Provincial 222, a partir del puesto de Gendarmer\u00eda Nacional.<\/strong> Esto se debe al haber colapsado la capacidad de recibir y albergar veh\u00edculos de parte del centro invernal. <\/span><\/p>\n<p><span style=\"color: #000000;\">En consecuencia, el tr\u00e1nsito sobre la Ruta Provincial 222 se encuentra habilitado solo hasta el puesto de Gendarmer\u00eda Nacional, siendo <strong>obligatoria la portaci\u00f3n de cadenas a partir de la localidad de Los Molles.<\/strong><\/span><\/p>\n","protected":false},"excerpt":{"rendered":"<p>La decisi\u00f3n se conoci\u00f3 en la jornada del martes. En un breve comunicado, la Direcci\u00f3n de Vialidad Provincial inform\u00f3 que fue &#8230;<\/p>\n","protected":false},"author":7,"featured_media":137540,"comment_status":"open","ping_status":"open","sticky":false,"template":"","format":"standard","meta":{"footnotes":""},"categories":[5,79],"tags":[],"class_list":["post-137538","post","type-post","status-publish","format-standard","has-post-thumbnail","hentry","category-actualidad","category-vialidad"],"_links":{"self":[{"href":"https:\/\/vinasfm.com\/noticias\/wp-json\/wp\/v2\/posts\/137538","targetHints":{"allow":["GET"]}}],"collection":[{"href":"https:\/\/vinasfm.com\/noticias\/wp-json\/wp\/v2\/posts"}],"about":[{"href":"https:\/\/vinasfm.com\/noticias\/wp-json\/wp\/v2\/types\/post"}],"author":[{"embeddable":true,"href":"https:\/\/vinasfm.com\/noticias\/wp-json\/wp\/v2\/users\/7"}],"replies":[{"embeddable":true,"href":"https:\/\/vinasfm.com\/noticias\/wp-json\/wp\/v2\/comments?post=137538"}],"version-history":[{"count":2,"href":"https:\/\/vinasfm.com\/noticias\/wp-json\/wp\/v2\/posts\/137538\/revisions"}],"predecessor-version":[{"id":137542,"href":"https:\/\/vinasfm.com\/noticias\/wp-json\/wp\/v2\/posts\/137538\/revisions\/137542"}],"wp:featuredmedia":[{"embeddable":true,"href":"https:\/\/vinasfm.com\/noticias\/wp-json\/wp\/v2\/media\/137540"}],"wp:attachment":[{"href":"https:\/\/vinasfm.com\/noticias\/wp-json\/wp\/v2\/media?parent=137538"}],"wp:term":[{"taxonomy":"category","embeddable":true,"href":"https:\/\/vinasfm.com\/noticias\/wp-json\/wp\/v2\/categories?post=137538"},{"taxonomy":"post_tag","embeddable":true,"href":"https:\/\/vinasfm.com\/noticias\/wp-json\/wp\/v2\/tags?post=137538"}],"curies":[{"name":"wp","href":"https:\/\/api.w.org\/{rel}","templated":true}]}}