{"id":137533,"date":"2024-07-18T09:41:37","date_gmt":"2024-07-18T12:41:37","guid":{"rendered":"https:\/\/vinasfm.com\/noticias\/?p=137533"},"modified":"2024-07-19T09:56:25","modified_gmt":"2024-07-19T12:56:25","slug":"el-gobierno-agiliza-mejoras-en-el-camino-del-canon-del-atuel","status":"publish","type":"post","link":"https:\/\/vinasfm.com\/noticias\/el-gobierno-agiliza-mejoras-en-el-camino-del-canon-del-atuel\/","title":{"rendered":"EL GOBIERNO AGILIZA MEJORAS EN EL CAMINO DEL CA\u00d1\u00d3N DEL ATUEL"},"content":{"rendered":"<h4><span style=\"color: #000000;\">Une dos localidades de suma relevancia tur\u00edstica como Valle Grande y El Nihuil. En el encuentro en San Rafael participaron representantes y referentes del sector tur\u00edstico, para avanzar con las obras prioritarias que permitan mejorar la seguridad y la transitabilidad. Habr\u00e1 una nueva jornada con equipos t\u00e9cnicos.<\/span><\/h4>\n<p><span style=\"color: #000000;\">El camino del Ca\u00f1\u00f3n del Atuel es uno de los m\u00e1s importantes del Sur provincial, porque une dos localidades de suma relevancia tur\u00edstica, como Valle Grande y El Nihuil, en San Rafael. Desde el comienzo de la actual gesti\u00f3n provincial se trabaja fuertemente en mejorar la traza y la transitabilidad vehicular con un proyecto integral.<\/span><\/p>\n<p><span style=\"color: #000000;\">Esta semana hubo una reuni\u00f3n en el Centro de Congresos y Exposiciones del departamento del Sur, que estuvo encabezada por la subsecretaria de Infraestructura y Desarrollo Territorial, Marit\u00e9 Badui, junto a Osvaldo Romagnoli, titular de Vialidad; el \u00a0director general de Asuntos Gubernamentales, Francisco Mondotte, y la vicepresidenta del Emetur, Cynthia Maggioni.<\/span><\/p>\n<p><span style=\"color: #000000;\">Tambi\u00e9n participaron los referentes de las c\u00e1maras de Turismo y de Comercio de San Rafael, de la Asociaci\u00f3n Empresaria Hotelero- Gastron\u00f3mica y Afines de Mendoza (Aehga), as\u00ed como de la Asociaci\u00f3n Tur\u00edstica Ca\u00f1\u00f3n del Atuel y el representante del \u00e1rea de Turismo de la Municipalidad del sur.<\/span><\/p>\n<p><span style=\"color: #000000;\"><strong><em>\u201cAbordamos no solamente la cuesti\u00f3n de las obras necesarias sino tambi\u00e9n los avances que hubo en el \u00faltimo tiempo. Nosotros decimos con certeza que en los \u00faltimos tres meses hubo m\u00e1s avances que en los \u00faltimos 30 a\u00f1os respecto del abordaje p\u00fablico del Ca\u00f1\u00f3n del Atuel\u201d<\/em><\/strong>, resalt\u00f3 Mondotte.<\/span><\/p>\n<p><span style=\"color: #000000;\">El funcionario explic\u00f3 que ahora hay una resoluci\u00f3n efectiva y vigente de Vialidad Provincial, que establece el dominio p\u00fablico del camino del Ca\u00f1\u00f3n del Atuel, que anteriormente era de dominio privado.<\/span><\/p>\n<p><span style=\"color: #000000;\">Mondotte agreg\u00f3: <em><strong>\u201cAdem\u00e1s, avanzamos con algunas alternativas respecto del protocolo del camino, que es esencial para poder complementar las obras a desarrollar. Luego, el segundo paso ser\u00e1 protocolizar con claridad el porte de los veh\u00edculos que pueden transitar, las caracter\u00edsticas, los horarios, el sentido de circulaci\u00f3n y todas las cuestiones que hacen a que el camino se pueda transitar de manera segura y confiable para las personas que nos visitan y los sanrafaelinos que los recorremos en \u00e9poca estival\u201d.<\/strong><\/em><\/span><\/p>\n<p><span style=\"color: #000000;\">En breve, se desarrollar\u00e1 una nueva jornada de trabajo con los equipos t\u00e9cnicos para avanzar ya con los trabajos.<\/span><\/p>\n<p><img loading=\"lazy\" decoding=\"async\" class=\"\" src=\"https:\/\/www.mendoza.gov.ar\/wp-content\/uploads\/sites\/5\/2024\/07\/MGR_8380-700x467.jpg\" width=\"492\" height=\"328\" \/> <img loading=\"lazy\" decoding=\"async\" class=\"\" src=\"https:\/\/www.mendoza.gov.ar\/wp-content\/uploads\/sites\/5\/2024\/07\/MGR_8369-700x467.jpg\" width=\"492\" height=\"328\" \/><\/p>\n<h6>El Gobierno agiliza mejoras en el camino del Ca\u00f1\u00f3n del Atuel<\/h6>\n<h2><span style=\"color: #000000;\"><strong>El proyecto y los avances<\/strong><\/span><\/h2>\n<p><span style=\"color: #000000;\">El camino que une las localidades de Valle Grande con El Nihuil, en San Rafael, cuenta con 45 kil\u00f3metros y m\u00e1s de 60 a\u00f1os. Se trata del camino tur\u00edstico m\u00e1s importante del Sur de Mendoza. Pese a esto, est\u00e1 hecho de suelo natural, lo que conlleva un reclamo hist\u00f3rico por su mejora.<\/span><\/p>\n<p><span style=\"color: #000000;\">En 2018, Alfredo Cornejo hab\u00eda impulsado el proyecto ejecutivo para concretar esta obra. Ya se avanz\u00f3 en tres puntos estrat\u00e9gicos:<\/span><\/p>\n<p><span style=\"color: #000000;\">-Incorporar el proyecto ejecutivo al Banco de Proyectos de la Provincia.<\/span><\/p>\n<p><span style=\"color: #000000;\">-Plasmar la traza del camino en la plancha catastral para resolver potenciales cuestiones dominiales y declararlo de utilidad p\u00fablica.<\/span><\/p>\n<p><span style=\"color: #000000;\">-Coordinar entre el Emetur, Ordenamiento Territorial y las asociaciones que representan a los prestadores tur\u00edsticos un protocolo de administraci\u00f3n del camino que establezca desde qu\u00e9 veh\u00edculos pueden transitar y horarios de circulaci\u00f3n.<\/span><\/p>\n","protected":false},"excerpt":{"rendered":"<p>Une dos localidades de suma relevancia tur\u00edstica como Valle Grande y El Nihuil. En el encuentro en San Rafael participaron representantes &#8230;<\/p>\n","protected":false},"author":7,"featured_media":137534,"comment_status":"open","ping_status":"open","sticky":false,"template":"","format":"standard","meta":{"footnotes":""},"categories":[5,10],"tags":[],"class_list":["post-137533","post","type-post","status-publish","format-standard","has-post-thumbnail","hentry","category-actualidad","category-destacadas"],"_links":{"self":[{"href":"https:\/\/vinasfm.com\/noticias\/wp-json\/wp\/v2\/posts\/137533","targetHints":{"allow":["GET"]}}],"collection":[{"href":"https:\/\/vinasfm.com\/noticias\/wp-json\/wp\/v2\/posts"}],"about":[{"href":"https:\/\/vinasfm.com\/noticias\/wp-json\/wp\/v2\/types\/post"}],"author":[{"embeddable":true,"href":"https:\/\/vinasfm.com\/noticias\/wp-json\/wp\/v2\/users\/7"}],"replies":[{"embeddable":true,"href":"https:\/\/vinasfm.com\/noticias\/wp-json\/wp\/v2\/comments?post=137533"}],"version-history":[{"count":1,"href":"https:\/\/vinasfm.com\/noticias\/wp-json\/wp\/v2\/posts\/137533\/revisions"}],"predecessor-version":[{"id":137535,"href":"https:\/\/vinasfm.com\/noticias\/wp-json\/wp\/v2\/posts\/137533\/revisions\/137535"}],"wp:featuredmedia":[{"embeddable":true,"href":"https:\/\/vinasfm.com\/noticias\/wp-json\/wp\/v2\/media\/137534"}],"wp:attachment":[{"href":"https:\/\/vinasfm.com\/noticias\/wp-json\/wp\/v2\/media?parent=137533"}],"wp:term":[{"taxonomy":"category","embeddable":true,"href":"https:\/\/vinasfm.com\/noticias\/wp-json\/wp\/v2\/categories?post=137533"},{"taxonomy":"post_tag","embeddable":true,"href":"https:\/\/vinasfm.com\/noticias\/wp-json\/wp\/v2\/tags?post=137533"}],"curies":[{"name":"wp","href":"https:\/\/api.w.org\/{rel}","templated":true}]}}