{"id":137527,"date":"2024-07-18T08:25:29","date_gmt":"2024-07-18T11:25:29","guid":{"rendered":"https:\/\/vinasfm.com\/noticias\/?p=137527"},"modified":"2024-07-19T08:14:15","modified_gmt":"2024-07-19T11:14:15","slug":"ya-estan-disponibles-las-boletas-para-el-segundo-sementre-de-tasas-y-servicios-en-alvear","status":"publish","type":"post","link":"https:\/\/vinasfm.com\/noticias\/ya-estan-disponibles-las-boletas-para-el-segundo-sementre-de-tasas-y-servicios-en-alvear\/","title":{"rendered":"YA EST\u00c1N DISPONIBLES LAS BOLETAS PARA EL SEGUNDO SEMENTRE DE TASAS Y SERVICIOS EN ALVEAR"},"content":{"rendered":"<h4><span style=\"color: #000000;\">Desde la Direcci\u00f3n de Rentas de la Municipalidad anunciaon a la comunidad que ya se encuetran disponibles las boletas del segundo semestre para el pago de tasas, servicios y bienes de ra\u00edz. Este es un recordatorio importante para que los vecinos se mantengan al d\u00eda con sus obligaciones tributarias.<\/span><\/h4>\n<p><span style=\"color: #000000;\"><strong>Nelson \u00c1lvarez<\/strong>, director de Rentas, detall\u00f3 que los ciudadanos tienen diversas opciones para realizar sus pagos, lo que facilita el proceso. Se pueden <a style=\"color: #000000;\" href=\"https:\/\/alvearmendoza.gob.ar\/rentas-general-alvear\/\">pagar online<\/a> <strong>utilizando tarjeta de cr\u00e9dito, d\u00e9bito, o a trav\u00e9s de QR.<\/strong> Adem\u00e1s, tambi\u00e9n est\u00e1 la opci\u00f3n de realizar el <strong>pago en efectivo en diferentes puntos, como bancos, Rapipago, Pago F\u00e1ci<\/strong>l, as\u00ed como en las oficinas de la misma municipalidad y delegaciones municipales.<\/span><\/p>\n<p><span style=\"color: #000000;\">Para incentivar el cumplimiento, <strong>se ofrecen descuentos por el pago anual y facilidades para regularizar deuda<\/strong>s, lo que representa una oportunidad valiosa para aquellos que buscan saldar sus obligaciones de manera m\u00e1s accesible. <strong>\u201cSi regularizan y est\u00e1n al d\u00eda, el 31 de diciembre, para el a\u00f1o que viene van a tener un descuento del 25% en las tarifas del 2025\u201d<\/strong>, se\u00f1al\u00f3 \u00c1lvarez.<\/span><\/p>\n<p><span style=\"color: #000000;\">Al mismo tiempo indic\u00f3 que durante el primer trimestre del a\u00f1o, el movimiento de pagos fue alto, siendo la opci\u00f3n anual la m\u00e1s utilizada por los contribuyentes. Este comportamiento refleja un compromiso por parte de los vecinos hacia su comunidad y un inter\u00e9s en mantener al d\u00eda sus responsabilidades fiscales.<\/span><\/p>\n","protected":false},"excerpt":{"rendered":"<p>Desde la Direcci\u00f3n de Rentas de la Municipalidad anunciaon a la comunidad que ya se encuetran disponibles las boletas del segundo &#8230;<\/p>\n","protected":false},"author":7,"featured_media":137528,"comment_status":"open","ping_status":"open","sticky":false,"template":"","format":"standard","meta":{"footnotes":""},"categories":[5,78],"tags":[],"class_list":["post-137527","post","type-post","status-publish","format-standard","has-post-thumbnail","hentry","category-actualidad","category-municipalidad"],"_links":{"self":[{"href":"https:\/\/vinasfm.com\/noticias\/wp-json\/wp\/v2\/posts\/137527","targetHints":{"allow":["GET"]}}],"collection":[{"href":"https:\/\/vinasfm.com\/noticias\/wp-json\/wp\/v2\/posts"}],"about":[{"href":"https:\/\/vinasfm.com\/noticias\/wp-json\/wp\/v2\/types\/post"}],"author":[{"embeddable":true,"href":"https:\/\/vinasfm.com\/noticias\/wp-json\/wp\/v2\/users\/7"}],"replies":[{"embeddable":true,"href":"https:\/\/vinasfm.com\/noticias\/wp-json\/wp\/v2\/comments?post=137527"}],"version-history":[{"count":1,"href":"https:\/\/vinasfm.com\/noticias\/wp-json\/wp\/v2\/posts\/137527\/revisions"}],"predecessor-version":[{"id":137529,"href":"https:\/\/vinasfm.com\/noticias\/wp-json\/wp\/v2\/posts\/137527\/revisions\/137529"}],"wp:featuredmedia":[{"embeddable":true,"href":"https:\/\/vinasfm.com\/noticias\/wp-json\/wp\/v2\/media\/137528"}],"wp:attachment":[{"href":"https:\/\/vinasfm.com\/noticias\/wp-json\/wp\/v2\/media?parent=137527"}],"wp:term":[{"taxonomy":"category","embeddable":true,"href":"https:\/\/vinasfm.com\/noticias\/wp-json\/wp\/v2\/categories?post=137527"},{"taxonomy":"post_tag","embeddable":true,"href":"https:\/\/vinasfm.com\/noticias\/wp-json\/wp\/v2\/tags?post=137527"}],"curies":[{"name":"wp","href":"https:\/\/api.w.org\/{rel}","templated":true}]}}