{"id":137494,"date":"2024-07-16T20:56:21","date_gmt":"2024-07-16T23:56:21","guid":{"rendered":"https:\/\/vinasfm.com\/noticias\/?p=137494"},"modified":"2024-07-18T08:27:24","modified_gmt":"2024-07-18T11:27:24","slug":"el-municipio-llevo-adelante-un-operativo-con-el-registro-civil-movil-en-el-barrio-zangrandi","status":"publish","type":"post","link":"https:\/\/vinasfm.com\/noticias\/el-municipio-llevo-adelante-un-operativo-con-el-registro-civil-movil-en-el-barrio-zangrandi\/","title":{"rendered":"EL MUNICIPIO LLEV\u00d3 ADELANTE UN OPERATIVO CON EL REGISTRO CIVIL MOVIL EN EL BARRIO ZANGRANDI"},"content":{"rendered":"<h4>Con este operativo se busca acercar los servicios administrativos a la comunidad. El servicio continuar\u00e1 el d\u00eda jueves en San Pedro del Atuel.<\/h4>\n<p>Durante este martes se llev\u00f3 a cabo un importante operativo con el Registro Civil M\u00f3vil, principalmente la renovaci\u00f3n del DNI para ni\u00f1os de entre 5 y 8 a\u00f1os. Esta iniciativa fue recibida con gran satisfacci\u00f3n por los vecinos que viven en zonas alejadas del radio c\u00e9ntrico.<\/p>\n<p><em><strong>\u00abLa presencia del Registro Civil M\u00f3vil no solo representa una mejora en la accesibilidad a los servicios, sino que tambi\u00e9n fortalece el v\u00ednculo entre las instituciones y la comunidad. Los vecinos han expresado su agradecimiento por esta iniciativa, que les permite gestionar documentos esenciales sin tener que desplazarse grandes distancias\u201d<\/strong><\/em>, explic\u00f3 la Delegada del Distrito Jimena Garc\u00eda.<\/p>\n<p><em><strong>\u201cEste operativo es un claro ejemplo de c\u00f3mo se pueden implementar acciones que beneficien directamente a la poblaci\u00f3n, promoviendo la inclusi\u00f3n y facilitando el acceso a derechos fundamentales\u201d<\/strong><\/em>, agreg\u00f3 la funcionaria local.<\/p>\n<p>Alejandro Kachurovsky, desde la inspecci\u00f3n sur del Registro Civil M\u00f3vil, cont\u00f3 que est\u00e1 gesti\u00f3n abarca tr\u00e1mites de DNI, actualizaciones, renovaciones, cambios de domicilio, entre otros, <em><strong>\u201ccon un tiempo estimado de entrega de 15 a 30 d\u00edas y la posibilidad de hacer seguimiento del pedido\u201d.<\/strong><\/em><\/p>\n","protected":false},"excerpt":{"rendered":"<p>Con este operativo se busca acercar los servicios administrativos a la comunidad. El servicio continuar\u00e1 el d\u00eda jueves en San Pedro &#8230;<\/p>\n","protected":false},"author":7,"featured_media":137495,"comment_status":"open","ping_status":"open","sticky":false,"template":"","format":"standard","meta":{"footnotes":""},"categories":[5,65],"tags":[],"class_list":["post-137494","post","type-post","status-publish","format-standard","has-post-thumbnail","hentry","category-actualidad","category-registro-civil"],"_links":{"self":[{"href":"https:\/\/vinasfm.com\/noticias\/wp-json\/wp\/v2\/posts\/137494","targetHints":{"allow":["GET"]}}],"collection":[{"href":"https:\/\/vinasfm.com\/noticias\/wp-json\/wp\/v2\/posts"}],"about":[{"href":"https:\/\/vinasfm.com\/noticias\/wp-json\/wp\/v2\/types\/post"}],"author":[{"embeddable":true,"href":"https:\/\/vinasfm.com\/noticias\/wp-json\/wp\/v2\/users\/7"}],"replies":[{"embeddable":true,"href":"https:\/\/vinasfm.com\/noticias\/wp-json\/wp\/v2\/comments?post=137494"}],"version-history":[{"count":1,"href":"https:\/\/vinasfm.com\/noticias\/wp-json\/wp\/v2\/posts\/137494\/revisions"}],"predecessor-version":[{"id":137496,"href":"https:\/\/vinasfm.com\/noticias\/wp-json\/wp\/v2\/posts\/137494\/revisions\/137496"}],"wp:featuredmedia":[{"embeddable":true,"href":"https:\/\/vinasfm.com\/noticias\/wp-json\/wp\/v2\/media\/137495"}],"wp:attachment":[{"href":"https:\/\/vinasfm.com\/noticias\/wp-json\/wp\/v2\/media?parent=137494"}],"wp:term":[{"taxonomy":"category","embeddable":true,"href":"https:\/\/vinasfm.com\/noticias\/wp-json\/wp\/v2\/categories?post=137494"},{"taxonomy":"post_tag","embeddable":true,"href":"https:\/\/vinasfm.com\/noticias\/wp-json\/wp\/v2\/tags?post=137494"}],"curies":[{"name":"wp","href":"https:\/\/api.w.org\/{rel}","templated":true}]}}